{"id":111,"date":"2007-02-21T11:25:00","date_gmt":"2007-02-21T10:25:00","guid":{"rendered":"http:\/\/vandiepenbeeck.org\/?p=111"},"modified":"2007-02-21T11:25:00","modified_gmt":"2007-02-21T10:25:00","slug":"un-deuxieme-record-saisonnier-de-temperature-consecutif","status":"publish","type":"post","link":"http:\/\/vandiepenbeeck.org\/?p=111","title":{"rendered":"Un deuxi\u00e8me record saisonnier de temp\u00e9rature cons\u00e9cutif ?"},"content":{"rendered":"<p><img decoding=\"async\" src=\"http:\/\/lameteo.blogs.lalibre.be\/images\/thumb_logoirm.gif\" alt=\"medium_logoirm.gif\" style=\"border-width: 0; float: left; margin: 0.2em 1.4em 0.7em 0;\" \/> Communiqu\u00e9 de presse de l&rsquo;IRM.<br \/>\nApr\u00e8s un automne 2006 qui avait largement battu le pr\u00e9c\u00e9dent record de temp\u00e9rature pour cette saison, l\u2019hiver 2006\/2007 (form\u00e9 des mois de d\u00e9cembre 2006, janvier 2007 et f\u00e9vrier 2007) est \u00e9galement bien parti pour battre un record de temp\u00e9rature.<br \/>\nDepuis que l\u2019on a commenc\u00e9 des mesures \u00e0 Bruxelles en 1833, l\u2019hiver le plus chaud \u00e9tait jusqu\u2019ici celui de 1989\/1990, lorsque la temp\u00e9rature moyenne avait atteint \u00e0 Uccle 6,1\u00b0C. L\u2019hiver actuel d\u00e9buta par un mois de d\u00e9cembre 2006 tr\u00e8s doux qui se classa en neuvi\u00e8me position des mois de d\u00e9cembre les plus chauds. Ensuite, le mois de janvier 2007 a battu le pr\u00e9c\u00e9dent record de temp\u00e9rature de janvier, un vieux record datant de 1834. Enfin, jusqu\u2019\u00e0 la date d\u2019aujourd\u2019hui, le mois de f\u00e9vrier est \u00e9galement tr\u00e8s doux et les pr\u00e9visions disponibles jusqu\u2019au milieu de la semaine prochaine indiquent que ce temps devrait se poursuivre. Si ces pr\u00e9visions se confirment, l\u2019hiver actuel battra le pr\u00e9c\u00e9dent record de douceur hivernal.<br \/>\nA Uccle, cet hiver n\u2019aura connu globalement que 16 jours de gel (temp\u00e9rature minimale inf\u00e9rieure \u00e0 0\u00b0C), si l\u2019on se fie aux pr\u00e9visions qui ne pr\u00e9voient plus de gel d\u2019ici la fin du mois. Il y eut 8 jours de gel en d\u00e9cembre, 5 en janvier et 3 (jusqu\u2019ici) en f\u00e9vrier.<br \/>\nDepuis 1968 et le d\u00e9but des observations thermom\u00e9triques \u00e0 Uccle dans un abri enti\u00e8rement ferm\u00e9, seuls les hivers 1988\/1989 et 1974\/1975 ont connu un nombre de jours de gel inf\u00e9rieur (respectivement, 13 et 15 jours).<br \/>\nNotre hiver tr\u00e8s doux contraste avec celui de l\u2019ann\u00e9e pass\u00e9e qui avait connu une temp\u00e9rature moyenne quasiment \u00ab normale \u00bb, soit pr\u00e8s de 3\u00b0C. On se souvient aussi que l\u2019ann\u00e9e pass\u00e9e, les conditions hivernales s\u2019\u00e9taient prolong\u00e9es jusqu\u2019au 23 mars 2006. Bien s\u00fbr, le record de cet hiver ne pr\u00e9juge en rien du temps qu\u2019il fera en au d\u00e9but du printemps prochain (mars-avril).<br \/>\nM\u00eame si une saison comme celle que nous connaissons actuellement en Belgique ne constitue pas \u00e0 elle seule une confirmation du r\u00e9chauffement climatique plan\u00e9taire, la succession des records de temp\u00e9rature que nous avons connus r\u00e9cemment en Belgique et en Europe en sont incontestablement des indices. Les 5 hivers les plus chauds de notre histoire climatique instrumentale seront maintenant tous situ\u00e9s apr\u00e8s 1974.<br \/>\nRenseignements compl\u00e9mentaires<br \/>\nMarc Vandiepenbeeck : t\u00e9l : 02 373 05 23.<\/p>\n","protected":false},"excerpt":{"rendered":"<p>Communiqu\u00e9 de presse de l&rsquo;IRM. Apr\u00e8s un automne 2006 qui avait largement battu le pr\u00e9c\u00e9dent record de temp\u00e9rature pour cette saison, l\u2019hiver 2006\/2007 (form\u00e9 des mois de d\u00e9cembre 2006, janvier 2007 et f\u00e9vrier 2007) est \u00e9galement bien parti pour battre un record de temp\u00e9rature. Depuis que l\u2019on a commenc\u00e9 des mesures \u00e0 Bruxelles en 1833, [&hellip;]<\/p>\n","protected":false},"author":3,"featured_media":0,"comment_status":"closed","ping_status":"open","sticky":false,"template":"","format":"standard","meta":{"footnotes":""},"categories":[3],"tags":[],"class_list":["post-111","post","type-post","status-publish","format-standard","hentry","category-meteo"],"_links":{"self":[{"href":"http:\/\/vandiepenbeeck.org\/index.php?rest_route=\/wp\/v2\/posts\/111"}],"collection":[{"href":"http:\/\/vandiepenbeeck.org\/index.php?rest_route=\/wp\/v2\/posts"}],"about":[{"href":"http:\/\/vandiepenbeeck.org\/index.php?rest_route=\/wp\/v2\/types\/post"}],"author":[{"embeddable":true,"href":"http:\/\/vandiepenbeeck.org\/index.php?rest_route=\/wp\/v2\/users\/3"}],"replies":[{"embeddable":true,"href":"http:\/\/vandiepenbeeck.org\/index.php?rest_route=%2Fwp%2Fv2%2Fcomments&post=111"}],"version-history":[{"count":0,"href":"http:\/\/vandiepenbeeck.org\/index.php?rest_route=\/wp\/v2\/posts\/111\/revisions"}],"wp:attachment":[{"href":"http:\/\/vandiepenbeeck.org\/index.php?rest_route=%2Fwp%2Fv2%2Fmedia&parent=111"}],"wp:term":[{"taxonomy":"category","embeddable":true,"href":"http:\/\/vandiepenbeeck.org\/index.php?rest_route=%2Fwp%2Fv2%2Fcategories&post=111"},{"taxonomy":"post_tag","embeddable":true,"href":"http:\/\/vandiepenbeeck.org\/index.php?rest_route=%2Fwp%2Fv2%2Ftags&post=111"}],"curies":[{"name":"wp","href":"https:\/\/api.w.org\/{rel}","templated":true}]}}