{"id":121,"date":"2007-04-20T09:27:51","date_gmt":"2007-04-20T07:27:51","guid":{"rendered":"http:\/\/vandiepenbeeck.org\/?p=121"},"modified":"2007-04-20T09:27:51","modified_gmt":"2007-04-20T07:27:51","slug":"encore-un-record-de-chaleur","status":"publish","type":"post","link":"http:\/\/vandiepenbeeck.org\/?p=121","title":{"rendered":"Encore un record de chaleur."},"content":{"rendered":"<h2 align=\"justify\" style=\"margin: 12pt 0mm 3pt\"><\/h2>\n<p><span xml:lang=\"FR-BE\" lang=\"FR-BE\"><font size=\"3\"><font face=\"Times New Roman\"><img decoding=\"async\" src=\"http:\/\/lameteo.blogs.lalibre.be\/media\/02\/01\/14e1e003b45994894928d1bd6b15d97c.jpg\" alt=\"7ab90d33b3574868c32173365c195a2d.jpg\" style=\"float: left; margin: 0.2em 1.4em 0.7em 0px; border-width: 0px\" \/><\/font><\/font><\/span><\/p>\n<p> <span xml:lang=\"FR-BE\" lang=\"FR-BE\"><font size=\"3\"><font face=\"Times New Roman\">Depuis juillet 2006, de nombreux records de chaleur sont battus. C\u2019est vrai qu\u2019il y a de quoi se poser des questions. Les r\u00e9unions du GIEC (Groupe d&rsquo;Experts Intergouvernemental sur l&rsquo;\u00c9volution du Climat) \u00e0 propos du dernier rapport sur le r\u00e9chauffement global de la Terre et ses cons\u00e9quences ne sont \u00e9videmment pas \u00e9trang\u00e8res \u00e0 ce genre de questions.<\/font><\/font><\/span> <span xml:lang=\"FR-BE\" lang=\"FR-BE\"><font size=\"3\"><font face=\"Times New Roman\">Le dernier record qui vient de se produire est la temp\u00e9rature maximale absolue du mois d\u2019avril observ\u00e9e ce dimanche 15 avril. Dans l\u2019abri ferm\u00e9 \u00e0 Uccle, la temp\u00e9rature maximale a \u00e9t\u00e9 de 28,7\u00b0C. Le dernier record date du 20 avril 1968&nbsp;; ce jour-l\u00e0, la temp\u00e9rature avait atteint 27,8\u00b0C. Dans l\u2019abri ouvert, celui qui a \u00e9t\u00e9 utilis\u00e9 lors de l\u2019\u00e9tablissement des \u00ab&nbsp;\u00e9v\u00e9nements marquants du 20<sup>\u00e8me<\/sup> si\u00e8cle&nbsp;\u00bb, la temp\u00e9rature est mont\u00e9e jusqu\u2019\u00e0 29,3\u00b0C. Le record pr\u00e9c\u00e9dent dans cette s\u00e9rie date du 17 avril 1947 avec 28,7\u00b0C.<\/font><\/font><\/span> <span xml:lang=\"FR-BE\" lang=\"FR-BE\"><font size=\"3\"><font face=\"Times New Roman\">La chaleur que nous connaissons au cours de ce d\u00e9but de deuxi\u00e8me d\u00e9cade d\u2019avril est due \u00e0 un anticyclone qui s\u2019est install\u00e9 sur la mer Baltique et qui a tendance \u00e0 s\u2019\u00e9tirer vers la Gr\u00e8ce. Il en r\u00e9sulte des courants continentaux tr\u00e8s chauds.<span>&nbsp;<\/span><\/font><\/font><\/span> <span xml:lang=\"FR-BE\" lang=\"FR-BE\"><font size=\"3\"><font face=\"Times New Roman\">Cette succession de record peut \u00eatre due \u00e0 une anomalie particuli\u00e8rement longue. Ce genre d\u2019anomalie se produit r\u00e9guli\u00e8rement mais quand elle est aussi longue, on observe un nombre impressionnant de records. Une question se pose&nbsp;: Observe-t-on une anomalie passag\u00e8re remarquable et d\u2019ici quelques semaines, allons-nous revenir \u00e0 une situation plus normale ou bien est-on en train de vivre un nouveau saut dans les temp\u00e9ratures, saut qui alors semble important au vu des \u00e9carts \u00e0 la normale actuelle&nbsp;? La r\u00e9ponse n\u00e9cessite de la patience. Dans le cas de la premi\u00e8re alternative, on pourrait \u00eatre vite fix\u00e9. Mais si c\u2019est la seconde que nous vivons, la confirmation de ce saut ne viendra qu\u2019au bout de quelques ann\u00e9es.<\/font><\/font><\/span> <span xml:lang=\"FR-BE\" lang=\"FR-BE\"><font size=\"3\"><font face=\"Times New Roman\">&nbsp;<\/font><\/font><\/span><\/p>\n","protected":false},"excerpt":{"rendered":"<p>Depuis juillet 2006, de nombreux records de chaleur sont battus. C\u2019est vrai qu\u2019il y a de quoi se poser des questions. Les r\u00e9unions du GIEC (Groupe d&rsquo;Experts Intergouvernemental sur l&rsquo;\u00c9volution du Climat) \u00e0 propos du dernier rapport sur le r\u00e9chauffement global de la Terre et ses cons\u00e9quences ne sont \u00e9videmment pas \u00e9trang\u00e8res \u00e0 ce genre [&hellip;]<\/p>\n","protected":false},"author":3,"featured_media":0,"comment_status":"closed","ping_status":"open","sticky":false,"template":"","format":"standard","meta":{"footnotes":""},"categories":[3],"tags":[],"class_list":["post-121","post","type-post","status-publish","format-standard","hentry","category-meteo"],"_links":{"self":[{"href":"http:\/\/vandiepenbeeck.org\/index.php?rest_route=\/wp\/v2\/posts\/121"}],"collection":[{"href":"http:\/\/vandiepenbeeck.org\/index.php?rest_route=\/wp\/v2\/posts"}],"about":[{"href":"http:\/\/vandiepenbeeck.org\/index.php?rest_route=\/wp\/v2\/types\/post"}],"author":[{"embeddable":true,"href":"http:\/\/vandiepenbeeck.org\/index.php?rest_route=\/wp\/v2\/users\/3"}],"replies":[{"embeddable":true,"href":"http:\/\/vandiepenbeeck.org\/index.php?rest_route=%2Fwp%2Fv2%2Fcomments&post=121"}],"version-history":[{"count":0,"href":"http:\/\/vandiepenbeeck.org\/index.php?rest_route=\/wp\/v2\/posts\/121\/revisions"}],"wp:attachment":[{"href":"http:\/\/vandiepenbeeck.org\/index.php?rest_route=%2Fwp%2Fv2%2Fmedia&parent=121"}],"wp:term":[{"taxonomy":"category","embeddable":true,"href":"http:\/\/vandiepenbeeck.org\/index.php?rest_route=%2Fwp%2Fv2%2Fcategories&post=121"},{"taxonomy":"post_tag","embeddable":true,"href":"http:\/\/vandiepenbeeck.org\/index.php?rest_route=%2Fwp%2Fv2%2Ftags&post=121"}],"curies":[{"name":"wp","href":"https:\/\/api.w.org\/{rel}","templated":true}]}}