{"id":122,"date":"2007-04-24T16:45:00","date_gmt":"2007-04-24T14:45:00","guid":{"rendered":"http:\/\/vandiepenbeeck.org\/?p=122"},"modified":"2007-04-24T16:45:00","modified_gmt":"2007-04-24T14:45:00","slug":"frais-la-nuit-chaud-le-jour","status":"publish","type":"post","link":"http:\/\/vandiepenbeeck.org\/?p=122","title":{"rendered":"Frais la nuit, chaud le jour !"},"content":{"rendered":"<p><span xml:lang=\"FR-BE\" lang=\"FR-BE\"><font size=\"3\"><font face=\"Times New Roman\">On s\u2019\u00e9tonne des temp\u00e9ratures matinales qui peuvent \u00eatre relativement basses au petit matin alors qu\u2019il fait chaud et m\u00eame tr\u00e8s chaud au cours de l\u2019apr\u00e8s-midi.<\/font><\/font><\/span> <span xml:lang=\"FR-BE\" lang=\"FR-BE\"><font size=\"3\"><font face=\"Times New Roman\">Cette situation se produit le plus souvent au printemps et en automne quand le ciel est d\u00e9gag\u00e9. En effet les nuages agissent comme une couverture. Leur absence permet \u00e0 la chaleur accumul\u00e9e de s\u2019\u00e9vacuer et la nuit se refroidi d\u2019avantage.<\/font><\/font><\/span> <span xml:lang=\"FR-BE\" lang=\"FR-BE\"><font size=\"3\"><font face=\"Times New Roman\">De plus, la nuit est aussi longue que le jour pendant ces deux p\u00e9riodes. La temp\u00e9rature diminue toute la nuit, il fait donc froid \u00e0 l\u2019aube. Par contre, la journ\u00e9e, le Soleil monte d\u00e9j\u00e0 haut dans le ciel et il peut faire tr\u00e8s chaud l\u2019apr\u00e8s-midi.<\/font><\/font><\/span> <span xml:lang=\"FR-BE\" lang=\"FR-BE\"><font size=\"3\"><font face=\"Times New Roman\">Ceci explique le grand \u00e9cart des temp\u00e9ratures entre le jour et la nuit. Il peut m\u00eame geler au sol, voire dans l\u2019air.<\/font><\/font><\/span> <\/p>\n<p style=\"margin: 0mm 0mm 0pt; text-indent: 36pt\" class=\"MsoBodyTextIndent\"><span xml:lang=\"FR-BE\" lang=\"FR-BE\"><font size=\"3\" face=\"Times New Roman\">Au d\u00e9but du printemps, les plantes commencent \u00e0 sortir de terre. Elles sont donc plus fragiles et le gel peut facilement les d\u00e9truire. Les plantes touch\u00e9es par le gel prennent une couleur rousse ou brune. De l\u00e0 l\u2019expression \u00ab&nbsp;La lune rousse&nbsp;\u00bb<span>&nbsp;<\/span> au cours de la p\u00e9riode pascale.<\/font><\/span><\/p>\n","protected":false},"excerpt":{"rendered":"<p>On s\u2019\u00e9tonne des temp\u00e9ratures matinales qui peuvent \u00eatre relativement basses au petit matin alors qu\u2019il fait chaud et m\u00eame tr\u00e8s chaud au cours de l\u2019apr\u00e8s-midi. Cette situation se produit le plus souvent au printemps et en automne quand le ciel est d\u00e9gag\u00e9. En effet les nuages agissent comme une couverture. Leur absence permet \u00e0 la [&hellip;]<\/p>\n","protected":false},"author":3,"featured_media":0,"comment_status":"closed","ping_status":"open","sticky":false,"template":"","format":"standard","meta":{"footnotes":""},"categories":[3],"tags":[],"class_list":["post-122","post","type-post","status-publish","format-standard","hentry","category-meteo"],"_links":{"self":[{"href":"http:\/\/vandiepenbeeck.org\/index.php?rest_route=\/wp\/v2\/posts\/122"}],"collection":[{"href":"http:\/\/vandiepenbeeck.org\/index.php?rest_route=\/wp\/v2\/posts"}],"about":[{"href":"http:\/\/vandiepenbeeck.org\/index.php?rest_route=\/wp\/v2\/types\/post"}],"author":[{"embeddable":true,"href":"http:\/\/vandiepenbeeck.org\/index.php?rest_route=\/wp\/v2\/users\/3"}],"replies":[{"embeddable":true,"href":"http:\/\/vandiepenbeeck.org\/index.php?rest_route=%2Fwp%2Fv2%2Fcomments&post=122"}],"version-history":[{"count":0,"href":"http:\/\/vandiepenbeeck.org\/index.php?rest_route=\/wp\/v2\/posts\/122\/revisions"}],"wp:attachment":[{"href":"http:\/\/vandiepenbeeck.org\/index.php?rest_route=%2Fwp%2Fv2%2Fmedia&parent=122"}],"wp:term":[{"taxonomy":"category","embeddable":true,"href":"http:\/\/vandiepenbeeck.org\/index.php?rest_route=%2Fwp%2Fv2%2Fcategories&post=122"},{"taxonomy":"post_tag","embeddable":true,"href":"http:\/\/vandiepenbeeck.org\/index.php?rest_route=%2Fwp%2Fv2%2Ftags&post=122"}],"curies":[{"name":"wp","href":"https:\/\/api.w.org\/{rel}","templated":true}]}}