{"id":126,"date":"2007-05-07T10:45:00","date_gmt":"2007-05-07T08:45:00","guid":{"rendered":"http:\/\/vandiepenbeeck.org\/?p=126"},"modified":"2007-05-07T10:45:00","modified_gmt":"2007-05-07T08:45:00","slug":"le-jour-ou-la-pluie-est-revenue","status":"publish","type":"post","link":"http:\/\/vandiepenbeeck.org\/?p=126","title":{"rendered":"Le jour o\u00f9 la pluie est revenue"},"content":{"rendered":"<p><span xml:lang=\"FR-BE\" lang=\"FR-BE\"><font face=\"Times New Roman\"><font size=\"3\"><img decoding=\"async\" src=\"http:\/\/lameteo.blogs.lalibre.be\/media\/01\/01\/30b387b098262d8fd3be9af7332c24fa.jpg\" alt=\"18e2c6437b5c3eec6b7a55bced8b061c.jpg\" style=\"float: left; margin: 0.2em 1.4em 0.7em 0px; border-width: 0px\" \/>Ce lundi, la plupart d\u2019entre nous se sont lev\u00e9s avec un spectacle un peu oubli\u00e9&nbsp;: il pleuvait&nbsp;!<\/font><\/font><\/span><\/p>\n<p><span xml:lang=\"FR-BE\" lang=\"FR-BE\"><font face=\"Times New Roman\"><font size=\"3\">Le dernier jour de pluie \u00e0 Uccle datait du 30 mars et depuis le 31 de mois il n\u2019\u00e9tait plus tomb\u00e9 une goutte d\u2019eau. A Uccle,&nbsp;ce mois d\u2019avril est le premier mois calendrier sans pr\u00e9cipitations. N\u00e9anmoins, de longues p\u00e9riodes sans pluie se sont d\u00e9j\u00e0 produites \u00e0 cheval sur deux mois&nbsp;:<\/font><\/font><\/span><\/p>\n<ul>\n<li><span xml:lang=\"FR-BE\" lang=\"FR-BE\"><font face=\"Times New Roman\"><font size=\"3\">1887&nbsp;: pas de pluie entre le 4 juin et le 8 juillet soit 35 jours sans pluie,<\/font><\/font><\/span><\/li>\n<li><span xml:lang=\"FR-BE\" lang=\"FR-BE\"><font face=\"Times New Roman\"><font size=\"3\">1834&nbsp;: pas de pluie entre le 11 septembre et le 10 octobre soit 30 jours sans pluie,<\/font><\/font><\/span><\/li>\n<li><span xml:lang=\"FR-BE\" lang=\"FR-BE\"><font size=\"3\"><font face=\"Times New Roman\">1959&nbsp;: pas de pluie entre le 22 ao\u00fbt et le 20 septembre ce qui fait \u00e9galement 30 jours sans pluie <span xml:lang=\"FR-BE\" style=\"font-size: 12pt; color: red; font-family: 'Times New Roman'\" lang=\"FR-BE\"><font color=\"#000000\">(suivis<\/font> <font color=\"#000000\">de 2 jours d\u2019un peu de pluie avec un total de&nbsp;4,7mm&nbsp;suivis de 17 jours sans pluie)<\/font><\/span>.<\/font><\/font><\/span><\/li>\n<\/ul>\n<p style=\"margin: 0mm 0mm 0pt\" class=\"MsoNormal\"><span xml:lang=\"FR\" lang=\"FR\"><font size=\"3\" face=\"Times New Roman\">Cette ann\u00e9e, avec 36 jours du 31 mars au 5 mai, vient se glisser au sommet de cette hi\u00e9rarchie.<\/font><\/span><\/p>\n<p style=\"margin: 0mm 0mm 0pt\" class=\"MsoNormal\">&nbsp;<\/p>\n<p style=\"margin: 0mm 0mm 0pt\" class=\"MsoNormal\"><span xml:lang=\"FR\" lang=\"FR\"><font size=\"3\" face=\"Times New Roman\">Des zones de hautes pressions ont fait barrage aux zones de pluie qui d\u00e9terminent si souvent notre temps. Elles ont \u00e9t\u00e9 d\u00e9vi\u00e9es vers le bassin m\u00e9diterran\u00e9en qui avait un grand besoin de reconstituer les r\u00e9serves d\u2019eau.<\/font><\/span><\/p>\n<p style=\"margin: 0mm 0mm 0pt\" class=\"MsoNormal\"><span xml:lang=\"FR\" lang=\"FR\"><font size=\"3\" face=\"Times New Roman\">Ce retour fait le bonheur des agriculteurs. Les plantes, en pleine croissance, ont besoin d\u2019eau.<\/font><\/span><\/p>\n","protected":false},"excerpt":{"rendered":"<p>Ce lundi, la plupart d\u2019entre nous se sont lev\u00e9s avec un spectacle un peu oubli\u00e9&nbsp;: il pleuvait&nbsp;! Le dernier jour de pluie \u00e0 Uccle datait du 30 mars et depuis le 31 de mois il n\u2019\u00e9tait plus tomb\u00e9 une goutte d\u2019eau. A Uccle,&nbsp;ce mois d\u2019avril est le premier mois calendrier sans pr\u00e9cipitations. N\u00e9anmoins, de longues [&hellip;]<\/p>\n","protected":false},"author":3,"featured_media":0,"comment_status":"closed","ping_status":"open","sticky":false,"template":"","format":"standard","meta":{"footnotes":""},"categories":[3],"tags":[],"class_list":["post-126","post","type-post","status-publish","format-standard","hentry","category-meteo"],"_links":{"self":[{"href":"http:\/\/vandiepenbeeck.org\/index.php?rest_route=\/wp\/v2\/posts\/126"}],"collection":[{"href":"http:\/\/vandiepenbeeck.org\/index.php?rest_route=\/wp\/v2\/posts"}],"about":[{"href":"http:\/\/vandiepenbeeck.org\/index.php?rest_route=\/wp\/v2\/types\/post"}],"author":[{"embeddable":true,"href":"http:\/\/vandiepenbeeck.org\/index.php?rest_route=\/wp\/v2\/users\/3"}],"replies":[{"embeddable":true,"href":"http:\/\/vandiepenbeeck.org\/index.php?rest_route=%2Fwp%2Fv2%2Fcomments&post=126"}],"version-history":[{"count":0,"href":"http:\/\/vandiepenbeeck.org\/index.php?rest_route=\/wp\/v2\/posts\/126\/revisions"}],"wp:attachment":[{"href":"http:\/\/vandiepenbeeck.org\/index.php?rest_route=%2Fwp%2Fv2%2Fmedia&parent=126"}],"wp:term":[{"taxonomy":"category","embeddable":true,"href":"http:\/\/vandiepenbeeck.org\/index.php?rest_route=%2Fwp%2Fv2%2Fcategories&post=126"},{"taxonomy":"post_tag","embeddable":true,"href":"http:\/\/vandiepenbeeck.org\/index.php?rest_route=%2Fwp%2Fv2%2Ftags&post=126"}],"curies":[{"name":"wp","href":"https:\/\/api.w.org\/{rel}","templated":true}]}}