{"id":128,"date":"2007-06-05T13:25:00","date_gmt":"2007-06-05T11:25:00","guid":{"rendered":"http:\/\/vandiepenbeeck.org\/?p=128"},"modified":"2007-06-05T13:25:00","modified_gmt":"2007-06-05T11:25:00","slug":"encore-une-saison-record","status":"publish","type":"post","link":"http:\/\/vandiepenbeeck.org\/?p=128","title":{"rendered":"Encore une saison record"},"content":{"rendered":"<p><span xml:lang=\"FR-BE\" lang=\"FR-BE\">L&rsquo;\u00e9t\u00e9 2006 \u00e9tait le quatri\u00e8me le plus chaud des \u00e9t\u00e9s depuis 1833. Il a \u00e9t\u00e9 suivi par un automne particuli\u00e8rement chaud (voir <a href=\"http:\/\/lameteo.blogs.lalibre.be\/archive\/2006\/12\/06\/automne-2006-nouveau-record-de-chaleur.html\">http:\/\/lameteo.blogs.lalibre.be\/archive\/2006\/12\/06\/automne-2006-nouveau-record-de-chaleur.html<\/a> )&nbsp; Ce record \u00e9tait particuli\u00e8rement remarquable : sa p\u00e9riode de retour est estim\u00e9e \u00e0 plus de 500 ans. Il fut suivi d&rsquo;un hiver qui a \u00e9galement&nbsp; \u00e9t\u00e9 le plus chaud des hiver (voir <a href=\"http:\/\/lameteo.blogs.lalibre.be\/archive\/2007\/02\/21\/un-deuxieme-record-saisonnier-de-temperature-consecutif.html\">http:\/\/lameteo.blogs.lalibre.be\/archive\/2007\/02\/21\/un-deuxieme-record-saisonnier-de-temperature-consecutif.html<\/a> ).<\/span><\/p>\n<p><span xml:lang=\"FR-BE\" lang=\"FR-BE\">Voici que le printemps revient pour faire partie du triumvirat ! La temp\u00e9rature moyenne du printemps s&rsquo;\u00e9l\u00e8ve \u00e0 12,3\u00b0C. C&rsquo;est plus de 1\u00b0C&nbsp; au del\u00e0 du pr\u00e9c\u00e9dent record qui datait de 1993 avec 11,2\u00b0C.<br \/> C&rsquo;est remarquable \u00e0 deux titres :<br \/> \u00b7&nbsp;C&rsquo;est \u00e0&nbsp; nouveau une p\u00e9riode retour de plus de 500 ans dans l&rsquo;\u00e9tat de la s\u00e9rie actuelle qui est longue de 175 ans.<br \/> \u00b7&nbsp;C&rsquo;est la troisi\u00e8me saison record cons\u00e9cutive. Une telle suite ne s&rsquo;est jamais produite depuis 1833.<\/span><\/p>\n<p><span xml:lang=\"FR-BE\" lang=\"FR-BE\">Cette suite de records est due \u00e0 des situations atmosph\u00e9riques particuli\u00e8res. On ne peut cependant pas manquer de pointer du doigt le changement de climat. On ne peut cependant exclure une anomalie particuli\u00e8rement longue et intense.<br \/> &nbsp;<\/span><\/p>\n","protected":false},"excerpt":{"rendered":"<p>L&rsquo;\u00e9t\u00e9 2006 \u00e9tait le quatri\u00e8me le plus chaud des \u00e9t\u00e9s depuis 1833. Il a \u00e9t\u00e9 suivi par un automne particuli\u00e8rement chaud (voir http:\/\/lameteo.blogs.lalibre.be\/archive\/2006\/12\/06\/automne-2006-nouveau-record-de-chaleur.html )&nbsp; Ce record \u00e9tait particuli\u00e8rement remarquable : sa p\u00e9riode de retour est estim\u00e9e \u00e0 plus de 500 ans. Il fut suivi d&rsquo;un hiver qui a \u00e9galement&nbsp; \u00e9t\u00e9 le plus chaud des hiver [&hellip;]<\/p>\n","protected":false},"author":3,"featured_media":0,"comment_status":"closed","ping_status":"open","sticky":false,"template":"","format":"standard","meta":{"footnotes":""},"categories":[3],"tags":[],"class_list":["post-128","post","type-post","status-publish","format-standard","hentry","category-meteo"],"_links":{"self":[{"href":"http:\/\/vandiepenbeeck.org\/index.php?rest_route=\/wp\/v2\/posts\/128"}],"collection":[{"href":"http:\/\/vandiepenbeeck.org\/index.php?rest_route=\/wp\/v2\/posts"}],"about":[{"href":"http:\/\/vandiepenbeeck.org\/index.php?rest_route=\/wp\/v2\/types\/post"}],"author":[{"embeddable":true,"href":"http:\/\/vandiepenbeeck.org\/index.php?rest_route=\/wp\/v2\/users\/3"}],"replies":[{"embeddable":true,"href":"http:\/\/vandiepenbeeck.org\/index.php?rest_route=%2Fwp%2Fv2%2Fcomments&post=128"}],"version-history":[{"count":0,"href":"http:\/\/vandiepenbeeck.org\/index.php?rest_route=\/wp\/v2\/posts\/128\/revisions"}],"wp:attachment":[{"href":"http:\/\/vandiepenbeeck.org\/index.php?rest_route=%2Fwp%2Fv2%2Fmedia&parent=128"}],"wp:term":[{"taxonomy":"category","embeddable":true,"href":"http:\/\/vandiepenbeeck.org\/index.php?rest_route=%2Fwp%2Fv2%2Fcategories&post=128"},{"taxonomy":"post_tag","embeddable":true,"href":"http:\/\/vandiepenbeeck.org\/index.php?rest_route=%2Fwp%2Fv2%2Ftags&post=128"}],"curies":[{"name":"wp","href":"https:\/\/api.w.org\/{rel}","templated":true}]}}