{"id":131,"date":"2007-06-29T18:10:00","date_gmt":"2007-06-29T16:10:00","guid":{"rendered":"http:\/\/vandiepenbeeck.org\/?p=131"},"modified":"2019-11-17T11:11:15","modified_gmt":"2019-11-17T10:11:15","slug":"saisons-astronomiques-vs-saisons-meteorologiques","status":"publish","type":"post","link":"http:\/\/vandiepenbeeck.org\/?p=131","title":{"rendered":"Saisons astronomiques vs saisons m\u00e9t\u00e9orologiques"},"content":{"rendered":"<p><span lang=\"FR-BE\" xml:lang=\"FR-BE\"><span style=\"font-size: medium;\"><span style=\"font-family: Times New Roman;\">Pour comprendre les saisons astronomiques, il faut imaginer deux plans : le premier est le plan dans lequel se d\u00e9place la Terre, c\u2019est l\u2019\u00e9cliptique, le second est le prolongement de l\u2019\u00e9quateur dans l\u2019espace. L\u2019angle que fait ces deux plans est de 23\u00b027\u2019.<\/span><\/span><\/span><\/p>\n<p><span lang=\"FR-BE\" xml:lang=\"FR-BE\"><span style=\"font-size: medium;\"><span style=\"font-family: Times New Roman;\">Aux environs de 20 mars, le Soleil se trouve sur la droite d\u2019intersection des deux plans. \u00c0 cette date, c\u2019est l\u2019\u00e9quinoxe de printemps et les nuits ont la m\u00eame dur\u00e9e que les journ\u00e9es et ces derni\u00e8res deviennent de plus en plus longues. \u00c0 partir de ce moment-l\u00e0, nous sommes au printemps. Le Soleil s\u2019\u00e9carte de plus en plus au-dessus de l\u2019\u00e9quateur pour atteindre vers le 21 juin sa hauteur maximale\u00a0; on est alors au solstice d\u00a0\u2018\u00e9t\u00e9. Lorsqu\u2019il atteint cette position, l\u2019\u00e9t\u00e9 commence. Dans notre pays, la nuit est tr\u00e8s courte et la journ\u00e9e est la plus longue. \u00c0 partir de ce moment l\u00e0, la dur\u00e9e du jour diminuera jusqu\u2019au solstice d\u2019hiver, aux environs du 21 d\u00e9cembre. Entre temps le Soleil traverse \u00e0 nouveau le plan de l\u2019\u00e9quateur. Cela se produit aux environs du 23 septembre\u00a0: c\u2019est l\u00a0\u2018\u00e9quinoxe d\u2019automne. Quand le Soleil se trouve le plus bas en dessous du plan de l\u2019\u00e9quateur c\u00e9leste, le jour est les plus court et c\u2019est le d\u00e9but de l\u2019hiver.<\/span><\/span><\/span><\/p>\n<p><img loading=\"lazy\" decoding=\"async\" class=\"alignnone size-medium wp-image-533\" src=\"https:\/\/vandiepenbeeck.org\/wp-content\/uploads\/2007\/06\/haeuser_aequatorsystem1_f-300x300.gif\" alt=\"\" width=\"300\" height=\"300\" \/><\/p>\n<p class=\"MsoNormal\" style=\"margin: 0cm 0cm 0pt;\"><span lang=\"FR-BE\" xml:lang=\"FR-BE\"><span style=\"font-size: medium;\"><span style=\"font-family: Times New Roman;\">Du point de vue climatologique, on pr\u00e9f\u00e8re travailler avec des mois calendrier. \u00c0 part<\/span><\/span><\/span> <span lang=\"FR-BE\" xml:lang=\"FR-BE\"><span style=\"font-size: medium;\"><span style=\"font-family: Times New Roman;\">lors d\u2019une ann\u00e9e bissextile, toutes les saisons ont le m\u00eame nombre de jours. L\u2019\u00e9t\u00e9 va correspondre aux trois mois les plus chauds qui sont dans l\u2019h\u00e9misph\u00e8re nord juin, juillet et ao\u00fbt. L\u2019hiver sera compos\u00e9 des trois mois les plus froids\u00a0: d\u00e9cembre, janvier et f\u00e9vrier. Le printemps (mars, avril et mai) et l\u2019automne (septembre, octobre et novembre) seront les saisons interm\u00e9diaires. Ces deux saisons correspondent bien \u00e0 la transition de l\u2019hiver \u00e0 l\u2019\u00e9t\u00e9 pour le printemps et inversement pour l\u2019automne.<\/span><\/span><\/span><\/p>\n","protected":false},"excerpt":{"rendered":"<p>Pour comprendre les saisons astronomiques, il faut imaginer deux plans : le premier est le plan dans lequel se d\u00e9place la Terre, c\u2019est l\u2019\u00e9cliptique, le second est le prolongement de l\u2019\u00e9quateur dans l\u2019espace. L\u2019angle que fait ces deux plans est de 23\u00b027\u2019. Aux environs de 20 mars, le Soleil se trouve sur la droite d\u2019intersection [&hellip;]<\/p>\n","protected":false},"author":3,"featured_media":0,"comment_status":"closed","ping_status":"open","sticky":false,"template":"","format":"standard","meta":{"footnotes":""},"categories":[3],"tags":[],"class_list":["post-131","post","type-post","status-publish","format-standard","hentry","category-meteo"],"_links":{"self":[{"href":"http:\/\/vandiepenbeeck.org\/index.php?rest_route=\/wp\/v2\/posts\/131"}],"collection":[{"href":"http:\/\/vandiepenbeeck.org\/index.php?rest_route=\/wp\/v2\/posts"}],"about":[{"href":"http:\/\/vandiepenbeeck.org\/index.php?rest_route=\/wp\/v2\/types\/post"}],"author":[{"embeddable":true,"href":"http:\/\/vandiepenbeeck.org\/index.php?rest_route=\/wp\/v2\/users\/3"}],"replies":[{"embeddable":true,"href":"http:\/\/vandiepenbeeck.org\/index.php?rest_route=%2Fwp%2Fv2%2Fcomments&post=131"}],"version-history":[{"count":1,"href":"http:\/\/vandiepenbeeck.org\/index.php?rest_route=\/wp\/v2\/posts\/131\/revisions"}],"predecessor-version":[{"id":535,"href":"http:\/\/vandiepenbeeck.org\/index.php?rest_route=\/wp\/v2\/posts\/131\/revisions\/535"}],"wp:attachment":[{"href":"http:\/\/vandiepenbeeck.org\/index.php?rest_route=%2Fwp%2Fv2%2Fmedia&parent=131"}],"wp:term":[{"taxonomy":"category","embeddable":true,"href":"http:\/\/vandiepenbeeck.org\/index.php?rest_route=%2Fwp%2Fv2%2Fcategories&post=131"},{"taxonomy":"post_tag","embeddable":true,"href":"http:\/\/vandiepenbeeck.org\/index.php?rest_route=%2Fwp%2Fv2%2Ftags&post=131"}],"curies":[{"name":"wp","href":"https:\/\/api.w.org\/{rel}","templated":true}]}}