{"id":132,"date":"2007-07-03T15:55:00","date_gmt":"2007-07-03T13:55:00","guid":{"rendered":"http:\/\/vandiepenbeeck.org\/?p=132"},"modified":"2007-07-03T15:55:00","modified_gmt":"2007-07-03T13:55:00","slug":"un-nouveau-site-web-pour-lirm","status":"publish","type":"post","link":"http:\/\/vandiepenbeeck.org\/?p=132","title":{"rendered":"Un nouveau site web pour l\u2019IRM"},"content":{"rendered":"<p><span lang=\"FR\" xml:lang=\"FR\">L\u2019IRM a d\u00e9cid\u00e9 de revoir le mod\u00e8le de notre site web. Depuis la mise en place de notre site web, de nombreuses technologies et outils ont \u00e9t\u00e9 d\u00e9velopp\u00e9s pour pr\u00e9senter au public des sites web plus attrayants. L\u2019IRM a suivi ce mouvement et inaugure un site qui devrait \u00eatre plus convivial et plus agr\u00e9able \u00e0 consulter.<\/span> <\/p>\n<p><span lang=\"FR\" xml:lang=\"FR\">&nbsp;<\/span><\/p>\n<p> <span lang=\"FR\" xml:lang=\"FR\">La page d\u2019accueil montre un en coup d\u2019\u0153il toutes les informations importantes :<br \/> &#8211; les<\/span> <a href=\"http:\/\/www.meteo.be\/meteo\/view\/fr\/65656-La+meteo.html\"><span lang=\"FR\" xml:lang=\"FR\">pr\u00e9visions g\u00e9n\u00e9rales<\/span><\/a> <span lang=\"FR\" xml:lang=\"FR\">pour la Belgique (pour les prochaines heures ou pour les prochains jours) ;<br \/> &#8211; les<\/span> <a href=\"http:\/\/www.meteo.be\/meteo\/view\/fr\/112905-Avertissements.html\"><span lang=\"FR\" xml:lang=\"FR\"><font color=\"#0000FF\">alertes<\/font><\/span><\/a> <span lang=\"FR\" xml:lang=\"FR\">m\u00e9t\u00e9o \u00e9ventuelles (class\u00e9es par types de risque et par degr\u00e9 de dangerosit\u00e9 selon un syst\u00e8me de couleur de vert \u00e0 rouge).&nbsp;<\/span> <\/p>\n<p><span lang=\"FR\" xml:lang=\"FR\">&nbsp;<\/span><\/p>\n<p> <span lang=\"FR\" xml:lang=\"FR\">Chaque jour, la rubrique \u00ab<\/span> <a href=\"http:\/\/www.meteo.be\/meteo\/view\/fr\/65657-Le+climat.html\"><span lang=\"FR\" xml:lang=\"FR\">Le Climat<\/span><\/a> <span lang=\"FR\" xml:lang=\"FR\">\u00bb pr\u00e9sente les<\/span> <a href=\"http:\/\/www.meteo.be\/meteo\/view\/fr\/123763-Ce+mois-ci.html\"><span lang=\"FR\" xml:lang=\"FR\">valeurs moyennes<\/span><\/a> <span lang=\"FR\" xml:lang=\"FR\">de certains param\u00e8tres calcul\u00e9es jusqu\u2019\u00e0 la veille. Ces valeurs peuvent \u00eatre facilement compar\u00e9es aux valeurs mensuelles extr\u00eames enregistr\u00e9es depuis le d\u00e9but de nos mesures.<\/span> <\/p>\n<p><span lang=\"FR\" xml:lang=\"FR\">&nbsp;<\/span><\/p>\n<p> <span lang=\"FR\" xml:lang=\"FR\">La rubrique \u00ab<\/span> <a href=\"http:\/\/www.meteo.be\/meteo\/view\/fr\/65660-Produits+&amp;+Services.html\"><span lang=\"FR\" xml:lang=\"FR\"><font color=\"#0000FF\">Produits &amp; Services<\/font><\/span><\/a> <span lang=\"FR\" xml:lang=\"FR\">\u00bb s\u2019adresse \u00e0 tous&nbsp;: les particuliers et aussi plus sp\u00e9cifiquement aux diff\u00e9rents groupes d\u2019utilisateurs professionnels tels que les m\u00e9dias ou les entreprises de diff\u00e9rents secteurs \u00e9conomiques\u2026<br \/> On peut y d\u00e9couvrir nos produits les plus populaires tels que l\u2019imagerie radar ou satellite dans<\/span> <a href=\"http:\/\/www.meteo.be\/meteo\/view\/fr\/88519-My+Meteo.html\"><span lang=\"FR\" xml:lang=\"FR\"><font color=\"#0000FF\">MyMeteo<\/font><\/span><\/a><span lang=\"FR\" xml:lang=\"FR\">, le num\u00e9ro d\u2019appel 0900 ainsi que les services par sms, auxquels il est possible de s\u2019abonner imm\u00e9diatement en ligne.<br \/> Autre rubrique qui devrait s\u2019enrichir petit \u00e0 petit de nouveaut\u00e9s, la rubrique \u00ab<\/span> <a href=\"http:\/\/www.meteo.be\/meteo\/view\/fr\/65675-Instruisez-vous.html\"><span lang=\"FR\" xml:lang=\"FR\"><font color=\"#0000FF\">Instruisez-vous<\/font><\/span><\/a> <span lang=\"FR\" xml:lang=\"FR\">\u00bb. On y trouve entre autres les r\u00e9ponses aux questions les plus fr\u00e9quemment pos\u00e9es \u00e0 l\u2019IRM. Depuis les explications sur la couleur du ciel jusqu\u2019aux conversions des unit\u00e9s de mesure en passant par la description des proc\u00e9dures \u00e0 suivre pour obtenir un renseignement d\u2019ordre climatologique.. Le tout mis \u00e0 la port\u00e9e de tout un chacun.<\/span> <\/p>\n<p><span lang=\"FR\" xml:lang=\"FR\">&nbsp;<\/span><\/p>\n<p> <span lang=\"FR\" xml:lang=\"FR\">Un peu plus sp\u00e9cialis\u00e9 mais accessible tout de m\u00eame, la rubrique \u00ab<\/span> <a href=\"http:\/\/www.meteo.be\/meteo\/view\/fr\/65664-La+recherche.html\"><span lang=\"FR\" xml:lang=\"FR\"><font color=\"#0000FF\">La recherche<\/font><\/span><\/a> <span lang=\"FR\" xml:lang=\"FR\">\u00bb pr\u00e9sente les diff\u00e9rentes activit\u00e9s de recherche men\u00e9es par les \u00e9quipes de l\u2019IRM. Certaines sont d\u00e9j\u00e0 bien connues d\u2019autres m\u00e9ritaient de l\u2019\u00eatre plus.<br \/> Enfin, pour qui souhaite \u00eatre tenu au courant des actualit\u00e9s dans le monde de la m\u00e9t\u00e9orologie, il est possible de s\u2019abonner gratuitement \u00e0 notre \u00ab<\/span> <a href=\"http:\/\/www.meteo.be\/meteo\/view\/fr\/65239-Accueil.html\"><span lang=\"FR\" xml:lang=\"FR\"><font color=\"#0000FF\">newsletter<\/font><\/span><\/a> <span lang=\"FR\" xml:lang=\"FR\">\u00bb.<br \/> On l\u2019aura compris, le nouveau site web de l\u2019IRM est un outil en ligne tr\u00e8s riche de culture m\u00e9t\u00e9o incontournable pour tous.<\/span> <\/p>\n<p><span lang=\"FR\" xml:lang=\"FR\">&nbsp;<\/span><\/p>\n","protected":false},"excerpt":{"rendered":"<p>L\u2019IRM a d\u00e9cid\u00e9 de revoir le mod\u00e8le de notre site web. Depuis la mise en place de notre site web, de nombreuses technologies et outils ont \u00e9t\u00e9 d\u00e9velopp\u00e9s pour pr\u00e9senter au public des sites web plus attrayants. L\u2019IRM a suivi ce mouvement et inaugure un site qui devrait \u00eatre plus convivial et plus agr\u00e9able \u00e0 [&hellip;]<\/p>\n","protected":false},"author":3,"featured_media":0,"comment_status":"closed","ping_status":"open","sticky":false,"template":"","format":"standard","meta":{"footnotes":""},"categories":[3],"tags":[],"class_list":["post-132","post","type-post","status-publish","format-standard","hentry","category-meteo"],"_links":{"self":[{"href":"http:\/\/vandiepenbeeck.org\/index.php?rest_route=\/wp\/v2\/posts\/132"}],"collection":[{"href":"http:\/\/vandiepenbeeck.org\/index.php?rest_route=\/wp\/v2\/posts"}],"about":[{"href":"http:\/\/vandiepenbeeck.org\/index.php?rest_route=\/wp\/v2\/types\/post"}],"author":[{"embeddable":true,"href":"http:\/\/vandiepenbeeck.org\/index.php?rest_route=\/wp\/v2\/users\/3"}],"replies":[{"embeddable":true,"href":"http:\/\/vandiepenbeeck.org\/index.php?rest_route=%2Fwp%2Fv2%2Fcomments&post=132"}],"version-history":[{"count":0,"href":"http:\/\/vandiepenbeeck.org\/index.php?rest_route=\/wp\/v2\/posts\/132\/revisions"}],"wp:attachment":[{"href":"http:\/\/vandiepenbeeck.org\/index.php?rest_route=%2Fwp%2Fv2%2Fmedia&parent=132"}],"wp:term":[{"taxonomy":"category","embeddable":true,"href":"http:\/\/vandiepenbeeck.org\/index.php?rest_route=%2Fwp%2Fv2%2Fcategories&post=132"},{"taxonomy":"post_tag","embeddable":true,"href":"http:\/\/vandiepenbeeck.org\/index.php?rest_route=%2Fwp%2Fv2%2Ftags&post=132"}],"curies":[{"name":"wp","href":"https:\/\/api.w.org\/{rel}","templated":true}]}}