{"id":134,"date":"2007-07-18T15:15:00","date_gmt":"2007-07-18T13:15:00","guid":{"rendered":"http:\/\/vandiepenbeeck.org\/?p=134"},"modified":"2007-07-18T15:15:00","modified_gmt":"2007-07-18T13:15:00","slug":"comment-nous-souvenons-nous-des-faits-meteo","status":"publish","type":"post","link":"http:\/\/vandiepenbeeck.org\/?p=134","title":{"rendered":"Comment nous souvenons-nous des faits m\u00e9t\u00e9o ?"},"content":{"rendered":"<p style=\"margin: 0cm 0cm 0pt\" class=\"MsoNormal\"><span xml:lang=\"FR-BE\" lang=\"FR-BE\"><font size=\"3\"><font face=\"Times New Roman\">Si je vous demande quel \u00e9tait le temps du mois de janvier 2002 ou encore celui de juillet 1997, je ne crois pas que vous pourriez me r\u00e9pondre facilement. M\u00eame moi, je dois regarder dans mes archives pour r\u00e9pondre \u00e0 une telle question.<\/font><\/font><\/span><\/p>\n<p> &nbsp;<span xml:lang=\"FR-BE\" lang=\"FR-BE\"><font size=\"3\"><font face=\"Times New Roman\">Par contre je peux vous dire, sans les regarder, qu\u2019il neigeait le premier mars 1990. Vous aussi, vous pouvez probablement dire quel temps il faisait un jour particulier. Pourquoi&nbsp;? Quand vous vivez un jour particulier, le temps qu\u2019il fait restera grav\u00e9 dans votre m\u00e9moire. En effet un d\u00e9c\u00e8s, une naissance, un mariage, \u2026 sont des journ\u00e9es particuli\u00e8res et le temps qu\u2019il fait \u00e0 cette occasion sera plus facilement retenu qu\u2019une journ\u00e9e banale.<\/font><\/font><\/span> <\/p>\n<p style=\"margin: 0cm 0cm 0pt\" class=\"MsoNormal\"><span xml:lang=\"FR-BE\" lang=\"FR-BE\"><font size=\"3\"><font face=\"Times New Roman\">La m\u00e9moire populaire va aussi garder souvenir de temps particulier, mais ce ne sera plus le temps d\u2019un jour, mais le temps qu\u2019il fait sur une plus longue p\u00e9riode. L\u2019exemple le plus net est le temps qu\u2019il a fait en 1976. En effet, il y a eu plusieurs situations qui ont fait que cette ann\u00e9e fut m\u00e9morable&nbsp;: il y a eu la longue p\u00e9riode de s\u00e9cheresse qui s\u2019est traduite par des restriction d\u2019eau, ensuite il y a eu cette tr\u00e8s longue canicule&nbsp;: \u00e0 Uccle on a eu 15 jours cons\u00e9cutifs avec des maxima sup\u00e9rieurs \u00e0 30 \u00b0C. La longue p\u00e9riode de pluie de juin-juillet 1980, qui s\u2019est termin\u00e9e avec ses images de caravanes qui se fracassaient sur les ponts de la Lesse, a aussi marqu\u00e9 les m\u00e9moires.<\/font><\/font><\/span><\/p>\n<p> &nbsp;<span xml:lang=\"FR-BE\" lang=\"FR-BE\"><font size=\"3\"><font face=\"Times New Roman\">Finalement, le temps dont on se souvient n\u2019est pas le temps que l\u2019on vit au jour le jour et encore moins le temps que l\u2019on esp\u00e8re.<\/font><\/font><\/span> <\/p>\n<p>&nbsp;<\/p>\n","protected":false},"excerpt":{"rendered":"<p>Si je vous demande quel \u00e9tait le temps du mois de janvier 2002 ou encore celui de juillet 1997, je ne crois pas que vous pourriez me r\u00e9pondre facilement. M\u00eame moi, je dois regarder dans mes archives pour r\u00e9pondre \u00e0 une telle question. &nbsp;Par contre je peux vous dire, sans les regarder, qu\u2019il neigeait le [&hellip;]<\/p>\n","protected":false},"author":3,"featured_media":0,"comment_status":"closed","ping_status":"open","sticky":false,"template":"","format":"standard","meta":{"footnotes":""},"categories":[3],"tags":[],"class_list":["post-134","post","type-post","status-publish","format-standard","hentry","category-meteo"],"_links":{"self":[{"href":"http:\/\/vandiepenbeeck.org\/index.php?rest_route=\/wp\/v2\/posts\/134"}],"collection":[{"href":"http:\/\/vandiepenbeeck.org\/index.php?rest_route=\/wp\/v2\/posts"}],"about":[{"href":"http:\/\/vandiepenbeeck.org\/index.php?rest_route=\/wp\/v2\/types\/post"}],"author":[{"embeddable":true,"href":"http:\/\/vandiepenbeeck.org\/index.php?rest_route=\/wp\/v2\/users\/3"}],"replies":[{"embeddable":true,"href":"http:\/\/vandiepenbeeck.org\/index.php?rest_route=%2Fwp%2Fv2%2Fcomments&post=134"}],"version-history":[{"count":0,"href":"http:\/\/vandiepenbeeck.org\/index.php?rest_route=\/wp\/v2\/posts\/134\/revisions"}],"wp:attachment":[{"href":"http:\/\/vandiepenbeeck.org\/index.php?rest_route=%2Fwp%2Fv2%2Fmedia&parent=134"}],"wp:term":[{"taxonomy":"category","embeddable":true,"href":"http:\/\/vandiepenbeeck.org\/index.php?rest_route=%2Fwp%2Fv2%2Fcategories&post=134"},{"taxonomy":"post_tag","embeddable":true,"href":"http:\/\/vandiepenbeeck.org\/index.php?rest_route=%2Fwp%2Fv2%2Ftags&post=134"}],"curies":[{"name":"wp","href":"https:\/\/api.w.org\/{rel}","templated":true}]}}