{"id":229,"date":"2008-08-06T10:25:00","date_gmt":"2008-08-06T08:25:00","guid":{"rendered":"http:\/\/vandiepenbeeck.org\/?p=229"},"modified":"2008-08-06T10:25:00","modified_gmt":"2008-08-06T08:25:00","slug":"incendie-suite-a-un-coup-de-foudre","status":"publish","type":"post","link":"http:\/\/vandiepenbeeck.org\/?p=229","title":{"rendered":"Incendie suite \u00e0 un coup de foudre"},"content":{"rendered":"<p>Question pos\u00e9e par un auditeur qui demande pourquoi la foudre peut provoquer un incendie comme celui de Ch\u00e2telet, voici la r\u00e9ponse :<br \/> La foudre est une d\u00e9charge \u00e9lectrique qui se produit suite \u00e0 la diff\u00e9rence de potentiel entre le sol et le nuage ou entre deux nuages ou entre deux points du m\u00eame nuage. Cette diff\u00e9rence de potentiel peut atteindre plusieurs millions de volt. La foudre est un canal d&rsquo;air ionis\u00e9 (charg\u00e9 \u00e9lectriquement), produisant l\u2019\u00e9clair (partie visible de la foudre et le tonnerre (partie auditive du ph\u00e9nom\u00e8ne). Cette d\u00e9charge provoque une hausse tr\u00e8s importante de la temp\u00e9rature ce qui entra\u00eene une dilatation locale de l\u2019air et une surpression qui est \u00e0 l\u2019origine du tonnerre.<\/p>\n<p> Malgr\u00e9 que le courrant \u00e9lectrique de l\u2019\u00e9clair peut atteindre plusieurs dizaines de milliers d\u2019amp\u00e8res, en g\u00e9n\u00e9rale il ne dure pas assez longtemps pour provoquer un incendie, sauf en pr\u00e9sence de gaz inflammables qui \u00e0 leur tour peuvent communiquer le feu aux mat\u00e9riaux solides. Le feu aura probablement couv\u00e9 pendant un certain temps avant que les flammes ne soient visibles. \u00c0 ce moment l\u00e0, il sera g\u00e9n\u00e9ralement trop tard et le sinistre peut prendre de l&rsquo;ampleur.<\/p>\n<p> Exceptionnellement la foudre peu aussi provoquer le feu lors d\u2019un impacte sur des mat\u00e9riaux secs. Dans ce cas il s\u2019agit d\u2019un \u00e9clair dont le courrant ne dispara\u00eet pas imm\u00e9diatement, mais qui est suivi par un courrant de quelques centaines d\u2019amp\u00e8res et qui dure quelques secondes, suffisamment long pour mettre le feu.<\/p>\n<p> Le paratonnerre n&rsquo;est pas une garantie \u00e0 100% contre le feu caus\u00e9 par la foudre. Et un mauvais paratonnerre peut en revanche le favoriser. En effet, s\u2019il n\u2019est pas convenablement reli\u00e9 au sol, le paratonnerre va permettre d\u2019attirer la foudre vers le b\u00e2timent et si les conditions sont favorables, d\u00e9clencher un incendie.<\/p>\n<p> La protection des biens par un parafoudre est le travail d\u2019experts et doit r\u00e9pondre \u00e0 des normes officielles.<\/p>\n<p><img decoding=\"async\" src=\"http:\/\/lameteo.blogs.lalibre.be\/media\/02\/02\/f331cf4918e0208da69d460a2d80ab6e.jpg\" alt=\"43c20a2e1e7d63b0eb0dc3989289a3f3.jpg\" style=\"float: left; margin: 0.2em 1.4em 0.7em 0px; border-width: 0px\" title=\"incendie, foudre, orage\" id=\"media-38795\" \/><\/p>\n<p>Photo La Libre<\/p>\n","protected":false},"excerpt":{"rendered":"<p>Question pos\u00e9e par un auditeur qui demande pourquoi la foudre peut provoquer un incendie comme celui de Ch\u00e2telet, voici la r\u00e9ponse : La foudre est une d\u00e9charge \u00e9lectrique qui se produit suite \u00e0 la diff\u00e9rence de potentiel entre le sol et le nuage ou entre deux nuages ou entre deux points du m\u00eame nuage. Cette [&hellip;]<\/p>\n","protected":false},"author":3,"featured_media":0,"comment_status":"closed","ping_status":"open","sticky":false,"template":"","format":"standard","meta":{"footnotes":""},"categories":[3],"tags":[],"class_list":["post-229","post","type-post","status-publish","format-standard","hentry","category-meteo"],"_links":{"self":[{"href":"http:\/\/vandiepenbeeck.org\/index.php?rest_route=\/wp\/v2\/posts\/229"}],"collection":[{"href":"http:\/\/vandiepenbeeck.org\/index.php?rest_route=\/wp\/v2\/posts"}],"about":[{"href":"http:\/\/vandiepenbeeck.org\/index.php?rest_route=\/wp\/v2\/types\/post"}],"author":[{"embeddable":true,"href":"http:\/\/vandiepenbeeck.org\/index.php?rest_route=\/wp\/v2\/users\/3"}],"replies":[{"embeddable":true,"href":"http:\/\/vandiepenbeeck.org\/index.php?rest_route=%2Fwp%2Fv2%2Fcomments&post=229"}],"version-history":[{"count":0,"href":"http:\/\/vandiepenbeeck.org\/index.php?rest_route=\/wp\/v2\/posts\/229\/revisions"}],"wp:attachment":[{"href":"http:\/\/vandiepenbeeck.org\/index.php?rest_route=%2Fwp%2Fv2%2Fmedia&parent=229"}],"wp:term":[{"taxonomy":"category","embeddable":true,"href":"http:\/\/vandiepenbeeck.org\/index.php?rest_route=%2Fwp%2Fv2%2Fcategories&post=229"},{"taxonomy":"post_tag","embeddable":true,"href":"http:\/\/vandiepenbeeck.org\/index.php?rest_route=%2Fwp%2Fv2%2Ftags&post=229"}],"curies":[{"name":"wp","href":"https:\/\/api.w.org\/{rel}","templated":true}]}}