{"id":283,"date":"2009-05-15T10:45:00","date_gmt":"2009-05-15T08:45:00","guid":{"rendered":"http:\/\/vandiepenbeeck.org\/?p=283"},"modified":"2009-05-15T10:45:00","modified_gmt":"2009-05-15T08:45:00","slug":"les-premiers-gros-orages","status":"publish","type":"post","link":"http:\/\/vandiepenbeeck.org\/?p=283","title":{"rendered":"Les premiers gros orages."},"content":{"rendered":"<p>&nbsp;<\/p>\n<p><!--[if gte mso 9]><xml> <w:WordDocument> <w:View>Normal<\/w:View> <w:Zoom>0<\/w:Zoom> <w:PunctuationKerning \/> <w:ValidateAgainstSchemas \/> <w:SaveIfXMLInvalid>false<\/w:SaveIfXMLInvalid> <w:IgnoreMixedContent>false<\/w:IgnoreMixedContent> <w:AlwaysShowPlaceholderText>false<\/w:AlwaysShowPlaceholderText> <w:Compatibility> <w:BreakWrappedTables \/> <w:SnapToGridInCell \/> <w:WrapTextWithPunct \/> <w:UseAsianBreakRules \/> <w:DontGrowAutofit \/> <\/w:Compatibility> <w:BrowserLevel>MicrosoftInternetExplorer4<\/w:BrowserLevel> <\/w:WordDocument> <\/xml><![endif]--><!--[if gte mso 9]><xml> <w:LatentStyles DefLockedState=\"false\" LatentStyleCount=\"156\"> <\/w:LatentStyles> <\/xml><![endif]--> <!--[if gte mso 10]> <mce:style><!    \/* Style Definitions *\/  table.MsoNormalTable         {mso-style-name:\"Table Normal\";         mso-tstyle-rowband-size:0;         mso-tstyle-colband-size:0;         mso-style-noshow:yes;         mso-style-parent:\"\";         mso-padding-alt:0in 5.4pt 0in 5.4pt;         mso-para-margin:0in;         mso-para-margin-bottom:.0001pt;         mso-pagination:widow-orphan;         font-size:10.0pt;         font-family:\"Times New Roman\";         mso-ansi-language:#0400;         mso-fareast-language:#0400;         mso-bidi-language:#0400;}  --> <!--[endif]--><\/p>\n<p class=\"MsoNormal\" style=\"margin-left: 0.25in; text-indent: 0in; line-height: normal;\"><span style=\"font-size: 13.5pt;\" xml:lang=\"FR\" lang=\"FR\"><a target=\"_blank\" href=\"http:\/\/www.lalibre.be\/actu\/brabant\/article\/502798\/intemperies-la-commune-de-lasne-sous-eau.html\"><img decoding=\"async\" src=\"http:\/\/www.lalibre.be\/pict_articles\/pict_177692.jpg\" alt=\"pict_177692.jpg\" style=\"border-width: 0; float: left; margin: 0.2em 1.4em 0.7em 0;\" \/><\/a><\/span> <!--[if gte mso 9]><xml> <w:WordDocument> <w:View>Normal<\/w:View> <w:Zoom>0<\/w:Zoom> <w:PunctuationKerning \/> <w:ValidateAgainstSchemas \/> <w:SaveIfXMLInvalid>false<\/w:SaveIfXMLInvalid> <w:IgnoreMixedContent>false<\/w:IgnoreMixedContent> <w:AlwaysShowPlaceholderText>false<\/w:AlwaysShowPlaceholderText> <w:Compatibility> <w:BreakWrappedTables \/> <w:SnapToGridInCell \/> <w:WrapTextWithPunct \/> <w:UseAsianBreakRules \/> <w:DontGrowAutofit \/> <\/w:Compatibility> <w:BrowserLevel>MicrosoftInternetExplorer4<\/w:BrowserLevel> <\/w:WordDocument> <\/xml><![endif]--><!--[if gte mso 9]><xml> <w:LatentStyles DefLockedState=\"false\" LatentStyleCount=\"156\"> <\/w:LatentStyles> <\/xml><![endif]--> <!--[if gte mso 10]> <mce:style><!    \/* Style Definitions *\/  table.MsoNormalTable         {mso-style-name:\"Table Normal\";         mso-tstyle-rowband-size:0;         mso-tstyle-colband-size:0;         mso-style-noshow:yes;         mso-style-parent:\"\";         mso-padding-alt:0in 5.4pt 0in 5.4pt;         mso-para-margin:0in;         mso-para-margin-bottom:.0001pt;         mso-pagination:widow-orphan;         font-size:10.0pt;         font-family:\"Times New Roman\";         mso-ansi-language:#0400;         mso-fareast-language:#0400;         mso-bidi-language:#0400;}  --> <!--[endif]--><\/p>\n<p>&nbsp;<\/p>\n<p> <!--[if gte mso 9]><xml> <w:WordDocument> <w:View>Normal<\/w:View> <w:Zoom>0<\/w:Zoom> <w:PunctuationKerning \/> <w:ValidateAgainstSchemas \/> <w:SaveIfXMLInvalid>false<\/w:SaveIfXMLInvalid> <w:IgnoreMixedContent>false<\/w:IgnoreMixedContent> <w:AlwaysShowPlaceholderText>false<\/w:AlwaysShowPlaceholderText> <w:Compatibility> <w:BreakWrappedTables \/> <w:SnapToGridInCell \/> <w:WrapTextWithPunct \/> <w:UseAsianBreakRules \/> <w:DontGrowAutofit \/> <\/w:Compatibility> <w:BrowserLevel>MicrosoftInternetExplorer4<\/w:BrowserLevel> <\/w:WordDocument> <\/xml><![endif]--><!--[if gte mso 9]><xml> <w:LatentStyles DefLockedState=\"false\" LatentStyleCount=\"156\"> <\/w:LatentStyles> <\/xml><![endif]--><!--[if gte mso 10]> <mce:style><!    \/* Style Definitions *\/  table.MsoNormalTable         {mso-style-name:\"Table Normal\";         mso-tstyle-rowband-size:0;         mso-tstyle-colband-size:0;         mso-style-noshow:yes;         mso-style-parent:\"\";         mso-padding-alt:0in 5.4pt 0in 5.4pt;         mso-para-margin:0in;         mso-para-margin-bottom:.0001pt;         mso-pagination:widow-orphan;         font-size:10.0pt;         font-family:\"Times New Roman\";         mso-ansi-language:#0400;         mso-fareast-language:#0400;         mso-bidi-language:#0400;}  --> <\/p>\n<p>&nbsp;<\/p>\n<p> <!--[endif]--> <\/p>\n<p class=\"MsoNormal\" style=\"margin-left: 0.25in; text-indent: 0in; line-height: normal;\"><span style=\"font-size: 13.5pt;\" xml:lang=\"FR\" lang=\"FR\">Dans les informations, on a parl\u00e9 de pluies diluviennes. Dans la r\u00e9gion bruxelloise, on a eu jusqu&rsquo;\u00e0 30 mm en quelques heures. Ce qui a provoqu\u00e9 les inondations. Dans les orages, il peut y avoir localement beaucoup d\u2019eau en peu de temps sur une petite superficie qui, d\u00e8s lors, peut \u00e9chapper \u00e0 une mesure dans un r\u00e9seau. Pour hier quelques noyaux de fortes pluies ont \u00e9t\u00e9 observ\u00e9s dans les r\u00e9gions de Gand, Bruxelles, le Brabant wallon et de Cerfontaine dans l\u2019entre Sambre et Meuse. Les causes de ce type d\u2019inondations sont les suivantes :<\/span><\/p>\n<p class=\"MsoNormal\" style=\"margin-left: 1.5in; text-indent: -0.25in; line-height: normal;\"><!--[if !supportLists]--><span style=\"font-family: Symbol;\" xml:lang=\"FR\" lang=\"FR\">\u00b7<\/span> <!--[endif]--><span style=\"font-size: 13.5pt;\" xml:lang=\"FR\" lang=\"FR\">des pluies intenses : beaucoup d&rsquo;eau en peu de temps,<\/span><\/p>\n<p class=\"MsoNormal\" style=\"margin-left: 1.5in; text-indent: -0.25in; line-height: normal;\"><!--[if !supportLists]--><span style=\"font-family: Symbol;\" xml:lang=\"FR\" lang=\"FR\">\u00b7<\/span> <!--[endif]--><span style=\"font-size: 13.5pt;\" xml:lang=\"FR\" lang=\"FR\">un environnement b\u00e9tonn\u00e9&nbsp;: les routes et le b\u00e2ti sont imperm\u00e9ables et entrainent un ruiss\u00e8lement et une accumulation rapides de l&rsquo;eau dans des lieux o\u00f9 l&rsquo;\u00e9coulement est lent,<\/span><\/p>\n<p class=\"MsoNormal\" style=\"margin-left: 1.5in; text-indent: -0.25in; line-height: normal;\"><!--[if !supportLists]--><span style=\"font-family: Symbol;\" xml:lang=\"FR\" lang=\"FR\">\u00b7<\/span> <!--[endif]--><span style=\"font-size: 13.5pt;\" xml:lang=\"FR\" lang=\"FR\">les pluies de cet hiver n\u2019ayant pas \u00e9t\u00e9 tr\u00e8s intenses, le bouchage des \u00e9gouts dus aux feuilles, terre et d\u00e9tritus a frein\u00e9 ou emp\u00each\u00e9 un \u00e9coulement rapide de l&rsquo;eau aggravant ainsi les cons\u00e9quences d&rsquo;une arriv\u00e9e rapide d&rsquo;eau.<\/span><\/p>\n<p class=\"MsoNormal\" style=\"margin-left: 0.25in; text-indent: 0in; line-height: normal;\"><span style=\"font-size: 13.5pt;\" xml:lang=\"FR\" lang=\"FR\">Dans la r\u00e9gion de Cerfontaine, les pluies ont \u00e9t\u00e9 plus fortes : au vu de chiffres dans un r\u00e9seau qui ne d\u00e9pend pas de l\u2019IRM on pourrait avoir atteint 60 mm en quelques heures. Le record dans le r\u00e9sau del\u2019IRM est jusqu\u2019\u00e0 pr\u00e9sent de 51 mm en 15 minutes le 5 juillet 1985 \u00e0 Voeren ; en Jama\u00efque il y a eu sur le m\u00eame laps de temps 198 mm le 12 mai 1916, ce qui peut relativiser les pluies en Belgique que certains qualifient parfois de \u00ab&nbsp;diluviennes \u00bb.<\/span><\/p>\n<p class=\"MsoNormal\" style=\"margin-left: 0.25in; text-indent: 0in; line-height: normal;\"><span style=\"font-size: 13.5pt;\" xml:lang=\"FR\" lang=\"FR\">Les orages se produisent sous un cumulo-nimbus. Il s\u2019agit d\u2019un nuage d\u2019une extension horizontale d\u2019une vingtaine de kilom\u00e8tres de diam\u00e8tre et d\u2019une hauteur d\u2019une dizaine de kilom\u00e8tres. Il peut contenir une tr\u00e8s grande quantit\u00e9 d\u2019eau et d\u00e8s lors il peut provoquer des pluies tr\u00e8s intenses. Dans une ville, la densit\u00e9 du b\u00e2ti et des routes peut aggraver les cons\u00e9quences de ces pluies abondantes sur un temps relativement bref. Dans les campagnes, si les surfaces qui peuvent absorber l\u2019eau sont nettement plus importantes, les inondations se produisent \u00e9galement car les pluies arrivent violemment sur le sol&nbsp;: cela provoque un tassement du sol le rendant plus imperm\u00e9able et un ruiss\u00e8lement important avec une accumulation d\u2019eau dans le fond des vall\u00e9es.<\/span><\/p>\n<p style=\"margin-left: 0.25in; text-align: left; text-indent: 0in; line-height: normal;\" align=\"left\">En Belgique, on a environ 90 jours d\u2019orages par an et un tiers de ceux-ci sont \u00e0 l\u2019origine de d\u00e9g\u00e2ts qui peuvent \u00eatre caus\u00e9s par l\u2019abondance des pr\u00e9cipitations, la violence du vent, les coups de foud<br \/>\nre ou encore par la gr\u00eale. Et la grosse saison ne fait que commencer puisqu\u2019elle va de mai \u00e0 septembre&nbsp;\u2026<\/p>\n","protected":false},"excerpt":{"rendered":"<p>&nbsp; &nbsp; &nbsp; Dans les informations, on a parl\u00e9 de pluies diluviennes. Dans la r\u00e9gion bruxelloise, on a eu jusqu&rsquo;\u00e0 30 mm en quelques heures. Ce qui a provoqu\u00e9 les inondations. Dans les orages, il peut y avoir localement beaucoup d\u2019eau en peu de temps sur une petite superficie qui, d\u00e8s lors, peut \u00e9chapper \u00e0 [&hellip;]<\/p>\n","protected":false},"author":3,"featured_media":0,"comment_status":"closed","ping_status":"open","sticky":false,"template":"","format":"standard","meta":{"footnotes":""},"categories":[3],"tags":[],"class_list":["post-283","post","type-post","status-publish","format-standard","hentry","category-meteo"],"_links":{"self":[{"href":"http:\/\/vandiepenbeeck.org\/index.php?rest_route=\/wp\/v2\/posts\/283"}],"collection":[{"href":"http:\/\/vandiepenbeeck.org\/index.php?rest_route=\/wp\/v2\/posts"}],"about":[{"href":"http:\/\/vandiepenbeeck.org\/index.php?rest_route=\/wp\/v2\/types\/post"}],"author":[{"embeddable":true,"href":"http:\/\/vandiepenbeeck.org\/index.php?rest_route=\/wp\/v2\/users\/3"}],"replies":[{"embeddable":true,"href":"http:\/\/vandiepenbeeck.org\/index.php?rest_route=%2Fwp%2Fv2%2Fcomments&post=283"}],"version-history":[{"count":0,"href":"http:\/\/vandiepenbeeck.org\/index.php?rest_route=\/wp\/v2\/posts\/283\/revisions"}],"wp:attachment":[{"href":"http:\/\/vandiepenbeeck.org\/index.php?rest_route=%2Fwp%2Fv2%2Fmedia&parent=283"}],"wp:term":[{"taxonomy":"category","embeddable":true,"href":"http:\/\/vandiepenbeeck.org\/index.php?rest_route=%2Fwp%2Fv2%2Fcategories&post=283"},{"taxonomy":"post_tag","embeddable":true,"href":"http:\/\/vandiepenbeeck.org\/index.php?rest_route=%2Fwp%2Fv2%2Ftags&post=283"}],"curies":[{"name":"wp","href":"https:\/\/api.w.org\/{rel}","templated":true}]}}