{"id":306,"date":"2009-11-05T08:03:00","date_gmt":"2009-11-05T07:03:00","guid":{"rendered":"http:\/\/vandiepenbeeck.org\/?p=306"},"modified":"2009-11-05T08:03:00","modified_gmt":"2009-11-05T07:03:00","slug":"une-annee-pauvre-en-ouragans","status":"publish","type":"post","link":"http:\/\/vandiepenbeeck.org\/?p=306","title":{"rendered":"Une ann\u00e9e pauvre en ouragans !"},"content":{"rendered":"<p><!--[if gte mso 9]><xml> <w:WordDocument> <w:View>Normal<\/w:View> <w:Zoom>0<\/w:Zoom> <w:PunctuationKerning \/> <w:ValidateAgainstSchemas \/> <w:SaveIfXMLInvalid>false<\/w:SaveIfXMLInvalid> <w:IgnoreMixedContent>false<\/w:IgnoreMixedContent> <w:AlwaysShowPlaceholderText>false<\/w:AlwaysShowPlaceholderText> <w:Compatibility> <w:BreakWrappedTables \/> <w:SnapToGridInCell \/> <w:WrapTextWithPunct \/> <w:UseAsianBreakRules \/> <w:DontGrowAutofit \/> <\/w:Compatibility> <w:BrowserLevel>MicrosoftInternetExplorer4<\/w:BrowserLevel> <\/w:WordDocument> <\/xml><![endif]--><!--[if gte mso 9]><xml> <w:LatentStyles DefLockedState=\"false\" LatentStyleCount=\"156\"> <\/w:LatentStyles> <\/xml><![endif]--> <!--[if gte mso 10]> <mce:style><!    \/* Style Definitions *\/  table.MsoNormalTable         {mso-style-name:\"Table Normal\";         mso-tstyle-rowband-size:0;         mso-tstyle-colband-size:0;         mso-style-noshow:yes;         mso-style-parent:\"\";         mso-padding-alt:0in 5.4pt 0in 5.4pt;         mso-para-margin:0in;         mso-para-margin-bottom:.0001pt;         mso-pagination:widow-orphan;         font-size:10.0pt;         font-family:\"Times New Roman\";         mso-ansi-language:#0400;         mso-fareast-language:#0400;         mso-bidi-language:#0400;}  --> <!--[endif]--><\/p>\n<p class=\"MsoNormal\"><span style=\"color: #ff0000;\">Correctif<\/span><\/p>\n<p class=\"MsoNormal\">Eh oui, la nature est comme cela : quand on pense que c&rsquo;est fini, il y en a encore. Un nouvel ouragan s&rsquo;est d\u00e9vlopp\u00e9 le 4 novembre.<\/p>\n<p class=\"MsoNormal\"><span xml:lang=\"FR-BE\" lang=\"FR-BE\">Cette saison d\u2019ouragans dans le bassin de l\u2019Oc\u00e9an Atlantique est probablement termin\u00e9e. Elle se solde par un bilan sp\u00e9cialement bas du nombre d\u2019ouragans. Au total, on a d\u00e9nombr\u00e9 <span style=\"text-decoration: line-through;\">2<\/span> 3 ouragans et 8 temp\u00eates tropicales. Ce nombre de <span style=\"text-decoration: line-through;\">2<\/span> 3 est le second plus bas de la s\u00e9rie qui commence en 1931 et la premi\u00e8re place est partag\u00e9e avec 2 ann\u00e9es&nbsp;: 1931 et 1982.<\/span><\/p>\n<p class=\"MsoNormal\"><span xml:lang=\"FR-BE\" lang=\"FR-BE\">Le nombre d\u2019ouragans cumul\u00e9 au nombre de temp\u00eates est cependant normal sur cette m\u00eame p\u00e9riode&nbsp;: <span style=\"text-decoration: line-through;\">10<\/span> 11 ph\u00e9nom\u00e8nes pour une moyenne de 11,3. 1983 est l\u2019ann\u00e9e o\u00f9 ce nombre fut le plus bas avec 4 ph\u00e9nom\u00e8nes (une temp\u00eate et 3 ouragans). De l\u2019autre cot\u00e9 des extr\u00eames, on trouve en t\u00eate l\u2019ann\u00e9e 2005 avec un total de 26 ph\u00e9nom\u00e8nes&nbsp;: 14 ouragans et 12 temp\u00eates.<\/span><\/p>\n<p class=\"MsoNormal\"><span xml:lang=\"FR-BE\" lang=\"FR-BE\">Si la s\u00e9rie du nombre d\u2019ouragans est stable sur la p\u00e9riode de 1931 \u00e0 nos jours, celle du cumul d\u2019ouragans et de temp\u00eates a marqu\u00e9 une augmentation significative depuis 1994. La moyenne est pass\u00e9e de 9,7 entre 1931 et 1993 \u00e0 13,8 entre 1994 et 2009, ce qui est assez remarquable.<\/span><\/p>\n<p class=\"MsoNormal\"><span xml:lang=\"FR-BE\" lang=\"FR-BE\">Plusieurs facteurs doivent jouer dans la variabilit\u00e9 du nombre d\u2019\u00e9v\u00e9nements tropicaux&nbsp;: le ph\u00e9nom\u00e8ne El Ni\u00f1o en est un d\u00e9montr\u00e9. Il s\u2019agit d\u2019un r\u00e9chauffement plus ou moins important de la partie \u00e9quatoriale du bassin oriental de l\u2019oc\u00e9an Pacifique. Quand El Ni\u00f1o appara\u00eet, les zones de hautes et basses pressions proches de l\u2019\u00e9quateur se d\u00e9calent et d\u00e8s lors la formation de d\u00e9pressions qui peuvent engendrer des temp\u00eates ou des ouragans est att\u00e9nu\u00e9e par la pr\u00e9sence plus fr\u00e9quente de hautes pressions sur les Antilles.<\/span><\/p>\n<p class=\"MsoNormal\"><span xml:lang=\"FR-BE\" lang=\"FR-BE\">La saison est encore active pour les bassins oriental et occidental du Pacifique. Dans les autres bassins, la saison des ouragans est termin\u00e9e. Dans le Pacifique sud, on a eu 8 temp\u00eates tropicales et un cyclone entre janvier et avril&nbsp;; dans le bassin nord de l\u2019oc\u00e9an Indien, on a eu 2 temp\u00eates et 1 cyclone entre avril et septembre et dans le bassin sud du m\u00eame oc\u00e9an, on a compt\u00e9 9 temp\u00eates et 5 cyclones. Les deux zones encore actives ont d\u00e9nombr\u00e9 respectivement 14 temp\u00eates et 8 cyclones pour le bassin est, et 15 temp\u00eates et 12 typhons pour le bassin ouest. Sauf pour le bassin nord de l\u2019oc\u00e9an indien qui est particuli\u00e8rement bas en nombre d\u2019\u00e9v\u00e9nements, les autres fr\u00e9quences sont dans les normes.<\/span><\/p>\n<p class=\"MsoNormal\"><span xml:lang=\"FR-BE\" lang=\"FR-BE\"><a href=\"http:\/\/lameteo.blogs.lalibre.be\/media\/02\/01\/952980332.png\" target=\"_blank\"><\/a><a href=\"http:\/\/lameteo.blogs.lalibre.be\/media\/01\/00\/651891296.png\" target=\"_blank\"><img decoding=\"async\" src=\"http:\/\/lameteo.blogs.lalibre.be\/media\/01\/00\/952867278.png\" id=\"media-61715\" alt=\"ouragan2009s.png\" style=\"border-width: 0; float: left; margin: 0.2em 1.4em 0.7em 0;\" name=\"media-61715\" \/><\/a><\/span><\/p>\n<div style=\"text-align: left\"><span xml:lang=\"FR-BE\" lang=\"FR-BE\"><a href=\"http:\/\/lameteo.blogs.lalibre.be\/media\/00\/00\/952980332.png\" target=\"_blank\"><img decoding=\"async\" src=\"http:\/\/lameteo.blogs.lalibre.be\/media\/00\/00\/1041014343.png\" id=\"media-61716\" alt=\"ouragan&amp;tempetes.png\" style=\"border-width: 0; margin: 0.7em 0;\" name=\"media-61716\" \/><\/a><\/span><\/div>\n<p>&nbsp;<\/p>\n<p class=\"MsoNormal\"><span xml:lang=\"FR-BE\" lang=\"FR-BE\"><br \/><\/span><\/p>\n","protected":false},"excerpt":{"rendered":"<p>Correctif Eh oui, la nature est comme cela : quand on pense que c&rsquo;est fini, il y en a encore. Un nouvel ouragan s&rsquo;est d\u00e9vlopp\u00e9 le 4 novembre. Cette saison d\u2019ouragans dans le bassin de l\u2019Oc\u00e9an Atlantique est probablement termin\u00e9e. Elle se solde par un bilan sp\u00e9cialement bas du nombre d\u2019ouragans. Au total, on a [&hellip;]<\/p>\n","protected":false},"author":3,"featured_media":0,"comment_status":"closed","ping_status":"open","sticky":false,"template":"","format":"standard","meta":{"footnotes":""},"categories":[3],"tags":[],"class_list":["post-306","post","type-post","status-publish","format-standard","hentry","category-meteo"],"_links":{"self":[{"href":"http:\/\/vandiepenbeeck.org\/index.php?rest_route=\/wp\/v2\/posts\/306"}],"collection":[{"href":"http:\/\/vandiepenbeeck.org\/index.php?rest_route=\/wp\/v2\/posts"}],"about":[{"href":"http:\/\/vandiepenbeeck.org\/index.php?rest_route=\/wp\/v2\/types\/post"}],"author":[{"embeddable":true,"href":"http:\/\/vandiepenbeeck.org\/index.php?rest_route=\/wp\/v2\/users\/3"}],"replies":[{"embeddable":true,"href":"http:\/\/vandiepenbeeck.org\/index.php?rest_route=%2Fwp%2Fv2%2Fcomments&post=306"}],"version-history":[{"count":0,"href":"http:\/\/vandiepenbeeck.org\/index.php?rest_route=\/wp\/v2\/posts\/306\/revisions"}],"wp:attachment":[{"href":"http:\/\/vandiepenbeeck.org\/index.php?rest_route=%2Fwp%2Fv2%2Fmedia&parent=306"}],"wp:term":[{"taxonomy":"category","embeddable":true,"href":"http:\/\/vandiepenbeeck.org\/index.php?rest_route=%2Fwp%2Fv2%2Fcategories&post=306"},{"taxonomy":"post_tag","embeddable":true,"href":"http:\/\/vandiepenbeeck.org\/index.php?rest_route=%2Fwp%2Fv2%2Ftags&post=306"}],"curies":[{"name":"wp","href":"https:\/\/api.w.org\/{rel}","templated":true}]}}