{"id":362,"date":"2011-09-02T15:56:00","date_gmt":"2011-09-02T13:56:00","guid":{"rendered":"http:\/\/vandiepenbeeck.org\/?p=362"},"modified":"2011-09-02T15:56:00","modified_gmt":"2011-09-02T13:56:00","slug":"aout-2011-aout-2010","status":"publish","type":"post","link":"http:\/\/vandiepenbeeck.org\/?p=362","title":{"rendered":"Ao\u00fbt 2011 = Ao\u00fbt 2010"},"content":{"rendered":"<p class=\"MsoNormal\" style=\"line-height: normal; text-align: justify;\"><span style=\"font-size: 12pt; font-family: 'Times New Roman','serif';\" lang=\"FR-BE\">Je constate une fois de plus que l\u2019on a la m\u00e9moire (tr\u00e8s) courte en m\u00e9t\u00e9o. En effet, que n\u2019ai-je entendu sur les conditions m\u00e9t\u00e9o de ce mois d\u2019ao\u00fbt. Et pourtant, ce mois <span>&nbsp;<\/span>fut tr\u00e8s similaire au mois d\u2019ao\u00fbt de l\u2019ann\u00e9e pass\u00e9e. Les chiffres des deux mois sont tr\u00e8s proches les uns des autres \u00e0 tel point que l\u2019on peut dire qu\u2019ils sont jumeaux.<\/span><\/p>\n<p class=\"MsoNormal\" style=\"line-height: normal; text-align: justify;\"><span style=\"font-size: 12pt; font-family: 'Times New Roman','serif';\" lang=\"FR-BE\">La pression atmosph\u00e9rique de ces deux mois d\u2019ao\u00fbt est identique \u00e0 un dixi\u00e8me pr\u00e8s&nbsp;: 1014,0 hPa en 2010 et 1013,9 hPa cette ann\u00e9e.<\/span><\/p>\n<p class=\"MsoNormal\" style=\"line-height: normal; text-align: justify;\"><span style=\"font-size: 12pt; font-family: 'Times New Roman','serif';\" lang=\"FR-BE\">Du point de vue pluie, on a eu 187,4 mm en 23 j en 2010, et 189,3 en 22 j cette ann\u00e9e. Le Soleil a un peu plus brill\u00e9 cette ann\u00e9e&nbsp;: ce mois d\u2019ao\u00fbt 2011 a totalis\u00e9 144 h 41 min et celui de 2010 136h29.<\/span><\/p>\n<p class=\"MsoNormal\" style=\"line-height: normal; text-align: justify;\"><span style=\"font-size: 12pt; font-family: 'Times New Roman','serif';\" lang=\"FR-BE\">Les deux mois ont connu 15 jours d\u2019orages.<\/span><\/p>\n<p class=\"MsoNormal\" style=\"line-height: normal; text-align: justify;\"><span style=\"font-size: 12pt; font-family: 'Times New Roman','serif';\" lang=\"FR-BE\">Les temp\u00e9ratures sont \u00e0 l\u2019avenant&nbsp;: les moyennes des deux mois sont respectivement 17,0\u00b0C en 2010 et 17,3\u00b0C en 2011, les moyennes des maxima&nbsp;: 21,5\u00b0C pour l\u2019ann\u00e9e pass\u00e9e et 21,9\u00b0C pour ce mois-ci, et les minima sont 13,1\u00b0C en 201 et 13,2\u00b0C en 2011.<\/span><\/p>\n<p class=\"MsoNormal\" style=\"line-height: normal;\"><span style=\"font-size: 12pt; font-family: 'Times New Roman','serif';\" lang=\"FR-BE\">La vitesse du vent a \u00e9t\u00e9 pour les deux mois de 3,0 m\/s et l\u2019humidit\u00e9 relative se diff\u00e9rencie de 1% avec en 2010 78% et ce mois-ci 77%.<\/span><\/p>\n<p class=\"MsoNormal\" style=\"line-height: normal;\"><span style=\"font-size: 12pt; font-family: 'Times New Roman','serif';\" lang=\"FR-BE\">Depuis plus de 30 ans que j\u2019analyse les conditions climatiques \u00e0 Uccle, c\u2019est la premi\u00e8re fois que je constate une telle similitude entre deux mois d&rsquo;ao\u00fbt cons\u00e9cutifs pour tous les param\u00e8tres. Peut-\u00eatre dira-t\u2019on que c\u2019est \u00e0 cause du changement de climat \u00e0 moins que d\u2019autres esprits optimistes aillent dire qu\u2019on va observer des mois d\u2019ao\u00fbt chaque ann\u00e9e.<\/span><\/p>\n<p class=\"MsoNormal\"><span style=\"font-size: 12pt; line-height: 115%; font-family: 'Times New Roman','serif';\" lang=\"FR-BE\">&nbsp;<\/span><\/p>\n","protected":false},"excerpt":{"rendered":"<p>Je constate une fois de plus que l\u2019on a la m\u00e9moire (tr\u00e8s) courte en m\u00e9t\u00e9o. En effet, que n\u2019ai-je entendu sur les conditions m\u00e9t\u00e9o de ce mois d\u2019ao\u00fbt. Et pourtant, ce mois &nbsp;fut tr\u00e8s similaire au mois d\u2019ao\u00fbt de l\u2019ann\u00e9e pass\u00e9e. Les chiffres des deux mois sont tr\u00e8s proches les uns des autres \u00e0 tel [&hellip;]<\/p>\n","protected":false},"author":3,"featured_media":0,"comment_status":"closed","ping_status":"open","sticky":false,"template":"","format":"standard","meta":{"footnotes":""},"categories":[3],"tags":[],"class_list":["post-362","post","type-post","status-publish","format-standard","hentry","category-meteo"],"_links":{"self":[{"href":"http:\/\/vandiepenbeeck.org\/index.php?rest_route=\/wp\/v2\/posts\/362"}],"collection":[{"href":"http:\/\/vandiepenbeeck.org\/index.php?rest_route=\/wp\/v2\/posts"}],"about":[{"href":"http:\/\/vandiepenbeeck.org\/index.php?rest_route=\/wp\/v2\/types\/post"}],"author":[{"embeddable":true,"href":"http:\/\/vandiepenbeeck.org\/index.php?rest_route=\/wp\/v2\/users\/3"}],"replies":[{"embeddable":true,"href":"http:\/\/vandiepenbeeck.org\/index.php?rest_route=%2Fwp%2Fv2%2Fcomments&post=362"}],"version-history":[{"count":0,"href":"http:\/\/vandiepenbeeck.org\/index.php?rest_route=\/wp\/v2\/posts\/362\/revisions"}],"wp:attachment":[{"href":"http:\/\/vandiepenbeeck.org\/index.php?rest_route=%2Fwp%2Fv2%2Fmedia&parent=362"}],"wp:term":[{"taxonomy":"category","embeddable":true,"href":"http:\/\/vandiepenbeeck.org\/index.php?rest_route=%2Fwp%2Fv2%2Fcategories&post=362"},{"taxonomy":"post_tag","embeddable":true,"href":"http:\/\/vandiepenbeeck.org\/index.php?rest_route=%2Fwp%2Fv2%2Ftags&post=362"}],"curies":[{"name":"wp","href":"https:\/\/api.w.org\/{rel}","templated":true}]}}