{"id":363,"date":"2011-09-15T12:58:45","date_gmt":"2011-09-15T10:58:45","guid":{"rendered":"http:\/\/vandiepenbeeck.org\/?p=363"},"modified":"2011-09-15T12:58:45","modified_gmt":"2011-09-15T10:58:45","slug":"un-ete-relativement-normal-mais","status":"publish","type":"post","link":"http:\/\/vandiepenbeeck.org\/?p=363","title":{"rendered":"Un \u00e9t\u00e9 relativement normal mais \u2026"},"content":{"rendered":"<p>&nbsp;<\/p>\n<p class=\"MsoNormal\"><span lang=\"FR-BE\">Comme pratiquement chaque ann\u00e9e, l\u2019\u00e9t\u00e9 (ou une partie de l\u2019\u00e9t\u00e9) a \u00e9t\u00e9 consid\u00e9r\u00e9 comme mauvais, pourri voire ex\u00e9crable. Notre civilisation s\u2019est tourn\u00e9e radicalement vers les loisirs et le secteur primaire, principalement orient\u00e9 vers l\u2019agriculture, n\u2019occupe plus qu\u2019une minorit\u00e9 de notre population. En France ce secteur occupait 43% de la population il y a 100 ans et il n\u2019en n\u2019occupe plus que 5% \u00e0 l\u2019heure actuelle (source INSEE). La perception de la m\u00e9t\u00e9o en est fondamentalement chang\u00e9e. La pluie n\u2019est plus une alli\u00e9e mais est devenue une ennemie. Dans les anciennes cultures, il y avait les sorciers qui imploraient la pluie. Maintenant, il n\u2019y a pratiquement que des lamentations lorsqu\u2019elle nous alimente en eau qui reste un \u00e9l\u00e9ment vital pour l\u2019homme. Si on pouvait, on ne ferait plus que des journ\u00e9es ensoleill\u00e9es et \u00e0 la limite on ne ferait de la pluie que la nuit. <\/span><\/p>\n<p class=\"MsoNormal\"><span lang=\"FR-BE\">Mais voil\u00e0, la nature n\u2019agit pas selon nos d\u00e9sid\u00e9ratas. Et dans notre climat, qui n\u2019a rien de m\u00e9diterran\u00e9en, un \u00e9t\u00e9 normal est un \u00e9t\u00e9 pluvieux et frai. Pour s\u2019en convaincre, il n\u2019y a qu\u2019\u00e0 voir la fr\u00e9quence des journ\u00e9es que nous qualifions d\u2019estivales&nbsp;: une journ\u00e9e estivale est une journ\u00e9e au cours de laquelle la temp\u00e9rature \u00e9gale ou d\u00e9passe 25\u00b0C. \u00c0 <strong><em>Uccle<\/em><\/strong>, la moyenne des trente derni\u00e8res ann\u00e9es nous donne une valeur de 22,9 jours entre le premier juin et le 31 ao\u00fbt. Cela repr\u00e9sente 1 jour sur 4 de l\u2019\u00e9t\u00e9 m\u00e9t\u00e9orologique. Entre 1901 et 2011, on a eu au plus 55 jours (soit 60% des jours de l\u2019\u00e9t\u00e9) en 1947 et l\u2019\u00e9t\u00e9 1907 n\u2019en n\u2019a compt\u00e9 que 5 jours d\u2019\u00e9t\u00e9 soit 5% du nombre total des jours de la saison. Cet \u00e9t\u00e9 2011 compte 12 jours o\u00f9 la temp\u00e9rature maximale a \u00e9gal\u00e9 ou d\u00e9pass\u00e9 25\u00b0C. Une telle valeur est faible, mais en 111 ans on a connu 18 \u00e9t\u00e9s avec 12 jours d\u2019\u00e9t\u00e9 ou moins. On a donc un \u00e9t\u00e9 sur 6 qui a un nombre de jours d\u2019\u00e9t\u00e9 avec autant ou moins de 12. Entre 1981 et 2010, on a eu 3 ann\u00e9es avec moins de 12 jours d\u2019\u00e9t\u00e9&nbsp;: 1981 (11 j.), 1988 (10) et 1998 (11). Ajoutons \u00e0 cela les ann\u00e9es 2000 et 2007 qui ont compt\u00e9 seulement un jour d\u2019\u00e9t\u00e9 de plus que cette ann\u00e9e&nbsp;!<\/span><\/p>\n<p class=\"MsoNormal\"><span lang=\"FR-BE\">Finalement, seule la fr\u00e9quence des jours de pluie a \u00e9t\u00e9 remarquable avec 61 jours o\u00f9 les pr\u00e9cipitations ont \u00e9t\u00e9 mesurables. Depuis 1833, nous avons 10 ann\u00e9es avec 61 jours de pluies ou plus. C\u2019est en 1860 que l\u2019on a eu l\u2019\u00e9t\u00e9 avec la fr\u00e9quence de jours de pr\u00e9cipitations la plus \u00e9lev\u00e9e avec un total de 68 jours. Il faut remonter \u00e0 1980 pour trouver un \u00e9t\u00e9 avec une fr\u00e9quence de jours pluie plus \u00e9lev\u00e9e que cet \u00e9t\u00e9.<\/span><\/p>\n<p class=\"MsoNormal\"><span lang=\"FR-BE\">Bref un \u00e9t\u00e9 pas terrible pour la plupart des gens, mais climatologiquement parlant, on ne peut pas consid\u00e9rer cet \u00e9t\u00e9 comme mauvais&nbsp;: on pourra toujours avoir pire que cette ann\u00e9e \u2026<\/span><\/p>\n","protected":false},"excerpt":{"rendered":"<p>&nbsp; Comme pratiquement chaque ann\u00e9e, l\u2019\u00e9t\u00e9 (ou une partie de l\u2019\u00e9t\u00e9) a \u00e9t\u00e9 consid\u00e9r\u00e9 comme mauvais, pourri voire ex\u00e9crable. Notre civilisation s\u2019est tourn\u00e9e radicalement vers les loisirs et le secteur primaire, principalement orient\u00e9 vers l\u2019agriculture, n\u2019occupe plus qu\u2019une minorit\u00e9 de notre population. En France ce secteur occupait 43% de la population il y a 100 [&hellip;]<\/p>\n","protected":false},"author":3,"featured_media":0,"comment_status":"closed","ping_status":"open","sticky":false,"template":"","format":"standard","meta":{"footnotes":""},"categories":[13,12],"tags":[],"class_list":["post-363","post","type-post","status-publish","format-standard","hentry","category-belgique","category-science"],"_links":{"self":[{"href":"http:\/\/vandiepenbeeck.org\/index.php?rest_route=\/wp\/v2\/posts\/363"}],"collection":[{"href":"http:\/\/vandiepenbeeck.org\/index.php?rest_route=\/wp\/v2\/posts"}],"about":[{"href":"http:\/\/vandiepenbeeck.org\/index.php?rest_route=\/wp\/v2\/types\/post"}],"author":[{"embeddable":true,"href":"http:\/\/vandiepenbeeck.org\/index.php?rest_route=\/wp\/v2\/users\/3"}],"replies":[{"embeddable":true,"href":"http:\/\/vandiepenbeeck.org\/index.php?rest_route=%2Fwp%2Fv2%2Fcomments&post=363"}],"version-history":[{"count":0,"href":"http:\/\/vandiepenbeeck.org\/index.php?rest_route=\/wp\/v2\/posts\/363\/revisions"}],"wp:attachment":[{"href":"http:\/\/vandiepenbeeck.org\/index.php?rest_route=%2Fwp%2Fv2%2Fmedia&parent=363"}],"wp:term":[{"taxonomy":"category","embeddable":true,"href":"http:\/\/vandiepenbeeck.org\/index.php?rest_route=%2Fwp%2Fv2%2Fcategories&post=363"},{"taxonomy":"post_tag","embeddable":true,"href":"http:\/\/vandiepenbeeck.org\/index.php?rest_route=%2Fwp%2Fv2%2Ftags&post=363"}],"curies":[{"name":"wp","href":"https:\/\/api.w.org\/{rel}","templated":true}]}}