{"id":364,"date":"2011-09-22T10:33:00","date_gmt":"2011-09-22T08:33:00","guid":{"rendered":"http:\/\/vandiepenbeeck.org\/?p=364"},"modified":"2011-09-22T10:33:00","modified_gmt":"2011-09-22T08:33:00","slug":"les-conditions-meteo-de-debut-septembre","status":"publish","type":"post","link":"http:\/\/vandiepenbeeck.org\/?p=364","title":{"rendered":"Les conditions m\u00e9t\u00e9o de d\u00e9but septembre"},"content":{"rendered":"<p class=\"MsoNormal\">&nbsp;<span lang=\"FR\">Le temps des deux premi\u00e8res d\u00e9cades a \u00e9t\u00e9 d\u00e9termin\u00e9 par des courants maritimes. Du 1 au 2, ces courants ont \u00e9t\u00e9 associ\u00e9s \u00e0 un anticyclone centr\u00e9 sur la mer du Nord. Du 3 au 10, ils ont \u00e9t\u00e9 associ\u00e9s \u00e0 une d\u00e9pression situ\u00e9e au voisinage de l\u2019Islande ou des \u00celes Britanniques. Du 11 au 20, nous avons \u00e9t\u00e9 sous l\u2019influence de courants maritimes associ\u00e9s \u00e0 des d\u00e9pressions en \u00e9volution depuis l\u2019oc\u00e9an Atlantique vers la Scandinavie, avec, le 15, le passage d\u2019une petite cr\u00eate issue de l\u2019anticyclone des A\u00e7ores.<\/span><\/p>\n<p class=\"MsoNormal\"><span lang=\"FR\">Les 20 premiers jours de septembre ont vu une quantit\u00e9 d\u2019eau recueillie tr\u00e8s anormalement \u00e9lev\u00e9e avec 83,1 mm alors que la normale est, entre 1981 et 2010, de 49,5 mm. Les records sont respectivement pour les quantit\u00e9s les plus \u00e9lev\u00e9e et les plus basses de 184,1 mm en 2001 et 0,0 mm en 1959. Les valeurs de la temp\u00e9rature moyenne et de la dur\u00e9e d\u2019insolation sont respectivement de 16,2\u00b0C (norm.&nbsp;: 15,4\u00b0C) et 95,1 h de Soleil (norm.&nbsp;: 97,1 h). Les valeurs extr\u00eames de la temp\u00e9rature sont 19,5\u00b0C en 1947 et 11,3\u00b0C en 1912. L\u2019ann\u00e9e o\u00f9 d\u00e9but septembre a \u00e9t\u00e9 la plus ensoleill\u00e9e a \u00e9t\u00e9 1959 avec 228,5 h de Soleil, la plus sombre a \u00e9t\u00e9 2001 avec seulement 31,0 h de Soleil.<\/span><\/p>\n","protected":false},"excerpt":{"rendered":"<p>&nbsp;Le temps des deux premi\u00e8res d\u00e9cades a \u00e9t\u00e9 d\u00e9termin\u00e9 par des courants maritimes. Du 1 au 2, ces courants ont \u00e9t\u00e9 associ\u00e9s \u00e0 un anticyclone centr\u00e9 sur la mer du Nord. Du 3 au 10, ils ont \u00e9t\u00e9 associ\u00e9s \u00e0 une d\u00e9pression situ\u00e9e au voisinage de l\u2019Islande ou des \u00celes Britanniques. Du 11 au 20, [&hellip;]<\/p>\n","protected":false},"author":3,"featured_media":0,"comment_status":"closed","ping_status":"open","sticky":false,"template":"","format":"standard","meta":{"footnotes":""},"categories":[13],"tags":[],"class_list":["post-364","post","type-post","status-publish","format-standard","hentry","category-belgique"],"_links":{"self":[{"href":"http:\/\/vandiepenbeeck.org\/index.php?rest_route=\/wp\/v2\/posts\/364"}],"collection":[{"href":"http:\/\/vandiepenbeeck.org\/index.php?rest_route=\/wp\/v2\/posts"}],"about":[{"href":"http:\/\/vandiepenbeeck.org\/index.php?rest_route=\/wp\/v2\/types\/post"}],"author":[{"embeddable":true,"href":"http:\/\/vandiepenbeeck.org\/index.php?rest_route=\/wp\/v2\/users\/3"}],"replies":[{"embeddable":true,"href":"http:\/\/vandiepenbeeck.org\/index.php?rest_route=%2Fwp%2Fv2%2Fcomments&post=364"}],"version-history":[{"count":0,"href":"http:\/\/vandiepenbeeck.org\/index.php?rest_route=\/wp\/v2\/posts\/364\/revisions"}],"wp:attachment":[{"href":"http:\/\/vandiepenbeeck.org\/index.php?rest_route=%2Fwp%2Fv2%2Fmedia&parent=364"}],"wp:term":[{"taxonomy":"category","embeddable":true,"href":"http:\/\/vandiepenbeeck.org\/index.php?rest_route=%2Fwp%2Fv2%2Fcategories&post=364"},{"taxonomy":"post_tag","embeddable":true,"href":"http:\/\/vandiepenbeeck.org\/index.php?rest_route=%2Fwp%2Fv2%2Ftags&post=364"}],"curies":[{"name":"wp","href":"https:\/\/api.w.org\/{rel}","templated":true}]}}