{"id":365,"date":"2011-09-30T08:16:00","date_gmt":"2011-09-30T06:16:00","guid":{"rendered":"http:\/\/vandiepenbeeck.org\/?p=365"},"modified":"2011-09-30T08:16:00","modified_gmt":"2011-09-30T06:16:00","slug":"la-meteo-tient-son-forum-international-a-paris","status":"publish","type":"post","link":"http:\/\/vandiepenbeeck.org\/?p=365","title":{"rendered":"La m\u00e9t\u00e9o tient son forum international \u00e0 Paris"},"content":{"rendered":"<p>Petite info<\/p>\n<p><img decoding=\"async\" style=\"float: left; margin: 0.2em 1.4em 0.7em 0pt;\" src=\"http:\/\/www.esa.int\/images\/affiche_M.jpg\" alt=\"affiche_M.jpg\" \/>La 8e \u00e9dition du <em>Forum international de la m\u00e9t\u00e9o<\/em> se tiendra au Palais de la d\u00e9couverte du 1er au 5 octobre. Les visiteurs pourront profiter de diverses expositions et ateliers \u00e9ducatifs sur les th\u00e8mes la m\u00e9t\u00e9orologie et du climat, l\u2019\u00e9nergie, l\u2019environnement, l\u2019eau et l\u2019espace.<br \/> &nbsp;<br \/> Le forum a pour but de sensibiliser la soci\u00e9t\u00e9 par l\u2019impact que peut avoir le changement climatique et de sugg\u00e9rer diff\u00e9rentes m\u00e9thodes pour la r\u00e9duction de notre empreinte carbone. &nbsp;<br clear=\"all\" \/> &nbsp;<br \/><a name=\"subhead1\"><\/a><strong>La contribution de l&rsquo;ESA<\/strong><br \/> &nbsp;<br \/> Le forum offrira \u00e0 l&rsquo;ESA la possibilit\u00e9 de t\u00e9moigner de son action dans les domaines de la m\u00e9t\u00e9orologie et de la climatologie.<\/p>\n<p>En collaboration avec le CNES, l&rsquo;ESA tiendra un atelier \u00e9ducatif visant \u00e0 souligner l\u2019importante contribution des satellites pour notre compr\u00e9hension des ph\u00e9nom\u00e8nes climatiques extr\u00eames et de l\u2019effet du changement climatique sur les oc\u00e9ans.<\/p>\n<p>Un programme sp\u00e9cial sera d\u00e9di\u00e9 aux professionnels pendant les trois derniers jours du forum. Ils auront la possibilit\u00e9 de participer \u00e0 un d\u00e9bat sur le changement climatique et son impact sur les oc\u00e9ans, une formation pour l\u2019interpr\u00e9tation d\u2019images satellite pour les pays en voie de d\u00e9veloppement, un colloque international ainsi qu\u2019\u00e0 une formation pour enseignants.<\/p>\n<p>Pierre-Philippe Mathieu, expert en observation de la Terre \u00e0 l\u2019ESA, participera \u00e0 la session pour enseignants du 5 octobre. Il donnera des pr\u00e9cisions sur les capacit\u00e9s des satellites \u00e0 contr\u00f4ler le syst\u00e8me climatique \u00e0 l\u2019\u00e9chelle plan\u00e9taire et pr\u00e9sentera plusieurs outils \u00e9ducatifs \u00e9labor\u00e9s par l\u2019ESA \u00e0 destination des \u00e9l\u00e8ves.<\/p>\n<p>Depuis le lancement de Meteosat-1 en 1977, l&rsquo;ESA suit de pr\u00e8s des tendances m\u00e9t\u00e9orologiques mondiales par le biais de ses missions d\u2019observation de la Terre.<\/p>\n<p>Les satellites tels que MetOp nous permettent de suivre avec exactitude l\u2019\u00e9volution des conditions m\u00e9t\u00e9orologiques, int\u00e9r\u00eat d\u2019autant plus important lorsque ces conditions entra\u00eenent des dommages.<\/p>\n<p>L\u2019ESA joue un r\u00f4le majeur dans l\u2019\u00e9tude et le suivi des ph\u00e9nom\u00e8nes climatiques gr\u00e2ce \u00e0 ses satellites consacr\u00e9s \u00e0 l\u2019environnement : Envisat, Earth Explorers (CryoSat-2, SMOS et GOCE), ainsi que les cinq futures missions \u00ab Sentinelles \u00bb.<\/p>\n<p>Les \u00ab Sentinelles \u00bb spatiales font partie du programme GMES (Global Monitoring for Environment &amp; Security) con\u00e7u en partenariat avec la Commission Europ\u00e9enne afin d\u2019am\u00e9liorer des politiques europ\u00e9ennes d\u2019environnement et de s\u00e9curit\u00e9.<\/p>\n<p>De plus, une nouvelle g\u00e9n\u00e9ration de missions g\u00e9ostationnaires et de missions m\u00e9t\u00e9orologiques polaires, incluant MSG-2\/3, MTG et EPS, a \u00e9t\u00e9 \u00e9labor\u00e9e en coop\u00e9ration avec Eumetsat, l&rsquo;Organisation europ\u00e9enne pour l&rsquo;exploitation de satellites m\u00e9t\u00e9orologiques.<\/p>\n<p>Source <a href=\"http:\/\/www.esa.int\/esaCP\/index.html\" target=\"_self\">ESA<\/a><\/p>\n","protected":false},"excerpt":{"rendered":"<p>Petite info La 8e \u00e9dition du Forum international de la m\u00e9t\u00e9o se tiendra au Palais de la d\u00e9couverte du 1er au 5 octobre. Les visiteurs pourront profiter de diverses expositions et ateliers \u00e9ducatifs sur les th\u00e8mes la m\u00e9t\u00e9orologie et du climat, l\u2019\u00e9nergie, l\u2019environnement, l\u2019eau et l\u2019espace. &nbsp; Le forum a pour but de sensibiliser la [&hellip;]<\/p>\n","protected":false},"author":3,"featured_media":0,"comment_status":"closed","ping_status":"open","sticky":false,"template":"","format":"standard","meta":{"footnotes":""},"categories":[3],"tags":[],"class_list":["post-365","post","type-post","status-publish","format-standard","hentry","category-meteo"],"_links":{"self":[{"href":"http:\/\/vandiepenbeeck.org\/index.php?rest_route=\/wp\/v2\/posts\/365"}],"collection":[{"href":"http:\/\/vandiepenbeeck.org\/index.php?rest_route=\/wp\/v2\/posts"}],"about":[{"href":"http:\/\/vandiepenbeeck.org\/index.php?rest_route=\/wp\/v2\/types\/post"}],"author":[{"embeddable":true,"href":"http:\/\/vandiepenbeeck.org\/index.php?rest_route=\/wp\/v2\/users\/3"}],"replies":[{"embeddable":true,"href":"http:\/\/vandiepenbeeck.org\/index.php?rest_route=%2Fwp%2Fv2%2Fcomments&post=365"}],"version-history":[{"count":0,"href":"http:\/\/vandiepenbeeck.org\/index.php?rest_route=\/wp\/v2\/posts\/365\/revisions"}],"wp:attachment":[{"href":"http:\/\/vandiepenbeeck.org\/index.php?rest_route=%2Fwp%2Fv2%2Fmedia&parent=365"}],"wp:term":[{"taxonomy":"category","embeddable":true,"href":"http:\/\/vandiepenbeeck.org\/index.php?rest_route=%2Fwp%2Fv2%2Fcategories&post=365"},{"taxonomy":"post_tag","embeddable":true,"href":"http:\/\/vandiepenbeeck.org\/index.php?rest_route=%2Fwp%2Fv2%2Ftags&post=365"}],"curies":[{"name":"wp","href":"https:\/\/api.w.org\/{rel}","templated":true}]}}