{"id":398,"date":"2013-09-30T11:28:00","date_gmt":"2013-09-30T09:28:00","guid":{"rendered":"http:\/\/vandiepenbeeck.org\/?p=398"},"modified":"2013-09-30T11:28:00","modified_gmt":"2013-09-30T09:28:00","slug":"la-pause-du-rechauffement-actuel","status":"publish","type":"post","link":"http:\/\/vandiepenbeeck.org\/?p=398","title":{"rendered":"La pause du r\u00e9chauffement actuel"},"content":{"rendered":"<p>&nbsp;<\/p>\n<p class=\"MsoNormal\" style=\"text-align: justify;\">L\u2019IRM a organis\u00e9 4 jours de conf\u00e9rences \u00e0 l\u2019occasion du son centenaire. Les deux premiers jours \u00e9taient consacr\u00e9s \u00e0 des conf\u00e9rences scientifiques, les deux autres \u00e0 des conf\u00e9rences tout public.<\/p>\n<p><!--more--><\/p>\n<p>&nbsp;<\/p>\n<p style=\"text-align: left;\"><a href=\"http:\/\/lameteo.blogs.lalibre.be\/media\/01\/00\/3021210368.2.png\" target=\"_blank\"><img decoding=\"async\" id=\"media-148827\" style=\"margin: 0.7em 0;\" title=\"\" src=\"http:\/\/lameteo.blogs.lalibre.be\/media\/01\/00\/1092174682.2.png\" alt=\"temp\u00e9rature, enso\" \/><\/a><\/p>\n<p class=\"MsoNormal\" style=\"text-align: justify;\"><span style=\"mso-ansi-language: EN-US;\" lang=\"EN-US\">L\u2019une d\u2019elles, celle de Vincent Courtillot, traitait de \u201cEvidence for significant solar signatures in some 20th century geophysical and climatological time series\u201d. <\/span>Plusieurs graphiques et figures montraient diff\u00e9rentes influences dans la courbe de l\u2019\u00e9volution globale de la temp\u00e9rature.<\/p>\n<p class=\"MsoNormal\" style=\"text-align: justify;\">Un ph\u00e9nom\u00e8ne qui s\u00e9vit sur la Terre est l\u2019Oscillation Australe. Les composantes principales sont El Ni\u00f1o et La Ni\u00f1a. Durant certaines p\u00e9riodes, c\u2019est El Ni\u00f1o qui s\u00e9vit en majorit\u00e9 comme entre 1980 et 2000, et durant d\u2019autres p\u00e9riodes c\u2019est La Ni\u00f1a qui domine. Les ann\u00e9es El Ni\u00f1o sont consid\u00e9r\u00e9es comme chaudes. Les ann\u00e9es La Ni\u00f1a sont des ann\u00e9es froides.<\/p>\n<p class=\"MsoNormal\" style=\"text-align: justify;\">Il est donc naturel que la Terre se r\u00e9chauffe au cours des ann\u00e9es chaudes. De m\u00eame des ann\u00e9es froides doivent refroidir la Terre. Dans les deux graphiques suivant on peut voir la courbe de la temp\u00e9rature de la Terre (figure 1) et l\u2019Index Multivari\u00e9 de l\u2019ENSO. J\u2019ai mis la deuxi\u00e8me figure \u00e0 la m\u00eame \u00e9chelle temporelle que la premi\u00e8re.<\/p>\n<p class=\"MsoNormal\" style=\"text-align: justify;\">On y constate clairement le r\u00e9chauffement qui se produit entre la deuxi\u00e8me d\u00e9cennie des ann\u00e9es 1970 jusqu\u2019en 2000. On constate \u00e9galement que les p\u00e9riodes La Ni\u00f1a sont caract\u00e9ris\u00e9es par des plateaux pr\u00e9c\u00e9d\u00e9s d\u2019une l\u00e9g\u00e8re baisse de la temp\u00e9rature globale. Or, logiquement, la temp\u00e9rature devrait diminuer lorsque La Ni\u00f1a s\u00e9vit. Mais elle reste plut\u00f4t constante. Ceci est encore la marque du r\u00e9chauffement global de la Terre, ce dernier \u00e9tant compens\u00e9 par le refroidissement induit par La Ni\u00f1a. Si le ph\u00e9nom\u00e8ne naturel de l\u2019ENSO intervenait seul dans l\u2019\u00e9volution naturelle de la temp\u00e9rature de notre plan\u00e8te, on devrait avoir une alternance de r\u00e9chauffement lors d\u2019El Ni\u00f1o et de refroidissement lors des \u00e9pisodes La Ni\u00f1a. Le r\u00e9chauffement d\u00fb \u00e0 l\u2019homme se marque donc m\u00eame lors d\u2019une composante de refroidissement de la Terre, ce dernier \u00e9tant compens\u00e9 par le premier. D\u2019o\u00f9 le plateau qui s\u00e9vit actuellement.<\/p>\n<p class=\"MsoNormal\" style=\"text-align: justify;\">&nbsp;<\/p>\n<p>&nbsp;<\/p>\n","protected":false},"excerpt":{"rendered":"<p>&nbsp; L\u2019IRM a organis\u00e9 4 jours de conf\u00e9rences \u00e0 l\u2019occasion du son centenaire. Les deux premiers jours \u00e9taient consacr\u00e9s \u00e0 des conf\u00e9rences scientifiques, les deux autres \u00e0 des conf\u00e9rences tout public.<\/p>\n","protected":false},"author":3,"featured_media":0,"comment_status":"closed","ping_status":"open","sticky":false,"template":"","format":"standard","meta":{"footnotes":""},"categories":[3],"tags":[],"class_list":["post-398","post","type-post","status-publish","format-standard","hentry","category-meteo"],"_links":{"self":[{"href":"http:\/\/vandiepenbeeck.org\/index.php?rest_route=\/wp\/v2\/posts\/398"}],"collection":[{"href":"http:\/\/vandiepenbeeck.org\/index.php?rest_route=\/wp\/v2\/posts"}],"about":[{"href":"http:\/\/vandiepenbeeck.org\/index.php?rest_route=\/wp\/v2\/types\/post"}],"author":[{"embeddable":true,"href":"http:\/\/vandiepenbeeck.org\/index.php?rest_route=\/wp\/v2\/users\/3"}],"replies":[{"embeddable":true,"href":"http:\/\/vandiepenbeeck.org\/index.php?rest_route=%2Fwp%2Fv2%2Fcomments&post=398"}],"version-history":[{"count":0,"href":"http:\/\/vandiepenbeeck.org\/index.php?rest_route=\/wp\/v2\/posts\/398\/revisions"}],"wp:attachment":[{"href":"http:\/\/vandiepenbeeck.org\/index.php?rest_route=%2Fwp%2Fv2%2Fmedia&parent=398"}],"wp:term":[{"taxonomy":"category","embeddable":true,"href":"http:\/\/vandiepenbeeck.org\/index.php?rest_route=%2Fwp%2Fv2%2Fcategories&post=398"},{"taxonomy":"post_tag","embeddable":true,"href":"http:\/\/vandiepenbeeck.org\/index.php?rest_route=%2Fwp%2Fv2%2Ftags&post=398"}],"curies":[{"name":"wp","href":"https:\/\/api.w.org\/{rel}","templated":true}]}}