{"id":426,"date":"2016-11-18T16:49:01","date_gmt":"2016-11-18T15:49:01","guid":{"rendered":"http:\/\/vandiepenbeeck.org\/?p=426"},"modified":"2016-11-18T16:49:01","modified_gmt":"2016-11-18T15:49:01","slug":"nouveau-record-en-vue-2016-devrait-etre-encore-plus-chaude-que-2015","status":"publish","type":"post","link":"http:\/\/vandiepenbeeck.org\/?p=426","title":{"rendered":"Nouveau record en vue: 2016 devrait \u00eatre encore plus chaude que 2015"},"content":{"rendered":"<p><span style=\"font-size: 12.0pt; font-family: 'Times New Roman',serif;\">Tout semble indiquer que 2016 sera l\u2019ann\u00e9e la plus chaude qui ait \u00e9t\u00e9 observ\u00e9e depuis le d\u00e9but des relev\u00e9s et que la temp\u00e9rature moyenne sera m\u00eame sup\u00e9rieure au record \u00e9tabli en 2015. Selon les donn\u00e9es provisoires dont dispose l\u2019Organisation m\u00e9t\u00e9orologique mondiale (OMM), la temp\u00e9rature moyenne en 2016 devrait \u00eatre sup\u00e9rieure d\u2019environ 1,2&nbsp;\u00b0Celsius \u00e0 ce qu\u2019elle \u00e9tait \u00e0 l\u2019\u00e9poque pr\u00e9industrielle.<\/span><\/p>\n<p><!--more--><\/p>\n<p><span style=\"font-size: 12.0pt; font-family: 'Times New Roman',serif;\">La temp\u00e9rature moyenne de la p\u00e9riode janvier-septembre 2016 a d\u00e9pass\u00e9 de 0,88&nbsp;\u00b0Celsius (1,58 \u00b0F) la normale de la p\u00e9riode 1961-1990 (14 \u00b0C), qui est utilis\u00e9e par l\u2019OMM comme p\u00e9riode de r\u00e9f\u00e9rence. Les temp\u00e9ratures sont mont\u00e9es en fl\u00e8che les premiers mois de l\u2019ann\u00e9e en raison du puissant \u00e9pisode El Ni\u00f1o de 2015\/16 et, d\u2019apr\u00e8s des donn\u00e9es provisoires, sont rest\u00e9es suffisamment \u00e9lev\u00e9es en octobre pour que le record de l\u2019ann\u00e9e la plus chaude pressenti pour 2016 se concr\u00e9tise. Si cela se confirmait, alors le XXI<sup>e&nbsp;<\/sup>si\u00e8cle compterait 16 des 17 ann\u00e9es les plus chaudes constat\u00e9es depuis le d\u00e9but des relev\u00e9s (l\u2019autre \u00e9tant 1998).<\/span><\/p>\n<p><span style=\"font-size: 12.0pt; font-family: 'Times New Roman',serif;\">Les indicateurs relatifs au changement climatique affichent eux aussi des valeurs record. La concentration des principaux gaz \u00e0 effet de serre dans l\u2019atmosph\u00e8re continue d\u2019augmenter et atteint des niveaux sans pr\u00e9c\u00e9dent. L\u2019\u00e9tendue de la banquise arctique est demeur\u00e9e tr\u00e8s faible, en particulier au d\u00e9but de l\u2019ann\u00e9e et lors de l\u2019emb\u00e2cle d\u2019octobre, et la fonte de l\u2019inlandsis groenlandais, tr\u00e8s marqu\u00e9e, a d\u00e9but\u00e9 particuli\u00e8rement t\u00f4t.<\/span><\/p>\n<p style=\"text-align: left;\"><a href=\"http:\/\/lameteo.blogs.lalibre.be\/media\/00\/02\/1160423001.jpg\" target=\"_blank\"><img decoding=\"async\" id=\"media-185136\" style=\"margin: 0.7em 0;\" title=\"\" src=\"http:\/\/lameteo.blogs.lalibre.be\/media\/00\/02\/3819298987.jpg\" alt=\"french_15_1.jpg\" \/><\/a><\/p>\n<p><span style=\"font-size: 12.0pt; font-family: 'Times New Roman',serif;\">L\u2019\u00e9pisode El Ni\u00f1o a pouss\u00e9 \u00e0 la hausse les temp\u00e9ratures oc\u00e9aniques, ce qui a contribu\u00e9 au blanchissement des coraux et acc\u00e9l\u00e9r\u00e9 le rythme d\u2019\u00e9l\u00e9vation du niveau de la mer.<\/span><\/p>\n<p><span style=\"font-size: 12.0pt; font-family: 'Times New Roman',serif;\">Jusqu\u2019\u00e0 pr\u00e9sent, le ph\u00e9nom\u00e8ne le plus meurtrier de 2016 a \u00e9t\u00e9 l\u2019ouragan Matthew, \u00e0 l\u2019origine de la plus grave urgence humanitaire qu\u2019ait connue Ha\u00efti depuis le tremblement de terre de 2010. En 2016, les extr\u00eames m\u00e9t\u00e9orologiques ont entra\u00een\u00e9 d\u2019importantes pertes socio\u2011\u00e9conomiques dans toutes les r\u00e9gions du globe.<\/span><\/p>\n<p><span style=\"font-size: 12.0pt; font-family: 'Times New Roman',serif;\">\u00abComme chaque ann\u00e9e, les records continuent de pleuvoir. 2015 \u00e9tait exceptionnellement chaude, mais tout indique que 2016 le sera encore plus\u00bb, a d\u00e9clar\u00e9 le Secr\u00e9taire g\u00e9n\u00e9ral de l\u2019Organisation m\u00e9t\u00e9orologique mondiale, Petteri Taalas. \u00ab L\u2019exc\u00e9dent de chaleur d\u00fb au puissant \u00e9pisode El Ni\u00f1o a disparu, mais le r\u00e9chauffement de la plan\u00e8te se poursuit \u00bb.<\/span><\/p>\n<p><span style=\"font-size: 12.0pt; font-family: 'Times New Roman',serif;\">\u00ab Dans certaines r\u00e9gions arctiques de la F\u00e9d\u00e9ration de Russie, la temp\u00e9rature \u00e9tait sup\u00e9rieure de 6 \u00b0C \u00e0 7 \u00b0C \u00e0 la normale. Et dans de nombreuses autres r\u00e9gions arctiques et subarctiques de la Russie, de l\u2019Alaska et du nord-ouest du Canada, la temp\u00e9rature a d\u00e9pass\u00e9 la normale d\u2019au moins 3 \u00b0C. Or jusqu\u2019ici, les records de chaleur s\u2019exprimaient en fractions de degr\u00e9 \u00bb a soulign\u00e9 M. Taalas.<\/span><\/p>\n<p><span style=\"font-size: 12.0pt; font-family: 'Times New Roman',serif;\">\u00abLes changements climatiques ont augment\u00e9 la probabilit\u00e9 d\u2019occurrence des ph\u00e9nom\u00e8nes extr\u00eames et aggrav\u00e9 leurs cons\u00e9quences. Les vagues de chaleur et les inondations \u00abdu si\u00e8cle\u00bb reviennent \u00e0 intervalles plus r\u00e9guliers et la hausse du niveau de la mer a accru la vuln\u00e9rabilit\u00e9 aux ondes de temp\u00eate qui accompagnent les cyclones tropicaux\u00bb a-t-il ajout\u00e9.<\/span><\/p>\n<p><span style=\"font-size: 12.0pt; font-family: 'Times New Roman',serif;\">\u00ab L\u2019Accord de Paris a lui aussi battu des records, puisqu\u2019il est entr\u00e9 en vigueur dans un d\u00e9lai tr\u00e8s bref et a \u00e9t\u00e9 sign\u00e9 par un nombre record de pays \u00bb s\u2019est r\u00e9joui M. Taalas. \u00ab L\u2019Organisation m\u00e9t\u00e9orologique mondiale prendra une part active \u00e0 son application pratique \u00bb a-t-il pr\u00e9cis\u00e9.<\/span><\/p>\n<p><span style=\"font-size: 12.0pt; font-family: 'Times New Roman',serif;\">\u00ab L\u2019OMM s\u2019efforce d\u2019am\u00e9liorer le suivi des \u00e9missions de gaz \u00e0 effet de serre pour aider les pays \u00e0 les r\u00e9duire. Le perfectionnement des pr\u00e9visions climatiques \u00e0 des \u00e9ch\u00e9ances allant de la semaine \u00e0 plusieurs d\u00e9cennies aidera des secteurs cl\u00e9s, comme l\u2019agriculture, la gestion de l\u2019eau, la sant\u00e9 et l\u2019\u00e9nergie, \u00e0 mieux planifier l\u2019avenir et \u00e0 s\u2019adapter. En outre, en axant davantage les pr\u00e9visions m\u00e9t\u00e9orologiques et les syst\u00e8mes d\u2019alerte pr\u00e9coce sur les impacts, on pourra sauver plus de vies, aujourd\u2019hui comme demain. Il faut absolument renforcer la capacit\u00e9 des pays, en particulier les moins d\u00e9velopp\u00e9s d\u2019entre eux, \u00e0 fournir des services climatologiques et diffuser des alertes pr\u00e9coces en cas de catastrophe. Gr\u00e2ce \u00e0 tous ces outils puissants, il nous sera plus facile de nous adapter aux changements climatiques \u00bb a ajout\u00e9 M.&nbsp;Taalas.<\/span><\/p>\n<p><span style=\"font-size: 12.0pt; font-family: 'Times New Roman',serif;\">L\u2019OMM a publi\u00e9 la d\u00e9claration provisoire sur l\u2019\u00e9tat du climat mondial en 2016 afin que les d\u00e9bats de la Conf\u00e9rence des Nations Unies sur les changements climatiques, qui se tient actuellement \u00e0 Marrakech, au Maroc (COP&nbsp;22), puissent reposer sur des informations pr\u00e9cises. La version finale de cette d\u00e9claration sera publi\u00e9e d\u00e9but 2017. Pour la premi\u00e8re fois, l\u2019\u00e9valuation comporte un volet humanitaire \u00e9manant d\u2019autres organismes des Nations Unies.<\/span><\/p>\n<p><span style=\"font-size: 12.0pt; font-family: 'Times New Roman',serif;\">Elle compl\u00e8te le rapport intitul\u00e9 <em>Le climat mondial : 2011-2015<\/em>, dont la COP&nbsp;22 a \u00e9galement \u00e9t\u00e9 saisie et qui dresse un tableau \u00e0 plus longue \u00e9ch\u00e9ance de l\u2019\u00e9tat du climat et traite de ph\u00e9nom\u00e8nes pluriannuels comme la s\u00e9cheresse. Ce rapport souligne que, sur les 79 \u00e9tudes publi\u00e9es de 2011 \u00e0 2014 dans le Bulletin de la Soci\u00e9t\u00e9 m\u00e9t\u00e9orologique am\u00e9ricaine, plus de la moiti\u00e9 d\u00e9montrent que les changements climatiques d\u2019origine humaine avaient contribu\u00e9 au ph\u00e9nom\u00e8ne extr\u00eame consid\u00e9r\u00e9. Certaines d\u2019entre elles indiquent que la probabilit\u00e9 d\u2019occurrence des vagues de chaleur a \u00e9t\u00e9 multipli\u00e9e par 10, voire plus.<\/span><\/p>\n<p><strong><span style=\"font-size: 12.0pt; font-family: 'Times New Roman',serif;\">Faits saillants :<\/span><\/strong><\/p>\n<p><strong><span style=\"font-size: 12.0pt; font-family: 'Times New Roman',serif;\">Temp\u00e9rature<\/span><\/strong><\/p>\n<p><span style=\"font-size: 12.0pt; font-family: 'Times New Roman',serif;\">\u00c0 l\u2019\u00e9chelle du globe, la temp\u00e9rature moyenne de la p\u00e9riode janvier-septembre&nbsp;2016, d\u00e9passait d\u2019environ 1,2 \u00b0C celle de l\u2019\u00e9poque pr\u00e9industrielle et de 0,88 \u00b0C (1,58 \u00b0F), la normale de la p\u00e9riode de r\u00e9f\u00e9rence 1961-1990. Les premiers mois de l\u2019ann\u00e9e ont \u00e9t\u00e9 particuli\u00e8rement chauds, affichant des anomalies mensuelles record : +1,12 \u00b0C (+2,02&nbsp;\u00b0F) en f\u00e9vrier et +1,09 \u00b0C (+1,96 \u00b0F) en mars. Les donn\u00e9es tir\u00e9es de la r\u00e9analyse ERA-40 du Centre europ\u00e9en pour les pr\u00e9visions m\u00e9t\u00e9orologiques \u00e0 moyen terme (CEPMMT) r\u00e9v\u00e8lent, pour octobre, une anomalie semblable \u00e0 celles des mois de mai \u00e0 septembre.<\/span><\/p>\n<p><span style=\"font-size: 12.0pt; font-family: 'Times New Roman',serif;\">Les temp\u00e9ratures \u00e9taient sup\u00e9rieures \u00e0 la normale de la p\u00e9riode 1961-1990 au-dessus de la grande majorit\u00e9 des terres \u00e9merg\u00e9es. Dans certaines r\u00e9gions de l\u2019Arctique russe proches de l\u2019estuaire de l\u2019Ob et de l\u2019archipel de la Nouvelle-Zemble, elles ont d\u00e9pass\u00e9 la normale de 6 \u00e0 7 \u00b0C. De nombreuses autres r\u00e9gions arctiques et subarctiques de la Russie, de l\u2019Alaska et du nord-ouest du Canada ont enregistr\u00e9 des temp\u00e9ratures sup\u00e9rieures d\u2019au moins 3 \u00b0C \u00e0 la normale. Dans plus de 90&nbsp;% des zones continentales non tropicales de l\u2019h\u00e9misph\u00e8re Nord, la temp\u00e9rature d\u00e9passait la normale d\u2019au moins 1&nbsp;\u00b0C. Dans l\u2019h\u00e9misph\u00e8re Sud, les anomalies positives \u00e9taient moins marqu\u00e9es, atteignant n\u00e9anmoins 1&nbsp;\u00b0C ou plus dans maintes r\u00e9gions, en particulier dans le nord de l\u2019Am\u00e9rique du Sud, le nord et l\u2019est de l\u2019Australie et une grande partie de l\u2019Afrique australe.<\/span><\/p>\n<p><span style=\"font-size: 12.0pt; font-family: 'Times New Roman',serif;\">La seule grande r\u00e9gion continentale o\u00f9 la temp\u00e9rature \u00e9tait inf\u00e9rieure \u00e0 la normale est situ\u00e9e dans la zone subtropicale de l\u2019Am\u00e9rique du Sud (nord et centre de l\u2019Argentine, certains secteurs du Paraguay et basses terres de Bolivie).<\/span><\/p>\n<p><span style=\"font-size: 12.0pt; font-family: 'Times New Roman',serif;\">&nbsp;<\/span><\/p>\n<p><strong><span style=\"font-size: 12.0pt; font-family: 'Times New Roman',serif;\">Oc\u00e9an<\/span><\/strong><\/p>\n<p><span style=\"font-size: 12.0pt; font-family: 'Times New Roman',serif;\">Les temp\u00e9ratures ont \u00e9t\u00e9 sup\u00e9rieures \u00e0 la normale dans la plupart des r\u00e9gions oc\u00e9aniques, ce qui a jou\u00e9 un r\u00f4le dans le blanchissement notable des coraux et dans le bouleversement des \u00e9cosyst\u00e8mes marins observ\u00e9 dans certaines r\u00e9gions tropicales, notamment la Grande barri\u00e8re de corail, au large de la c\u00f4te est de l\u2019Australie, et autour d\u2019\u00c9tats insulaires du Pacifique comme les Fidji et Kiribati. Dans certaines parties de la Grande barri\u00e8re, jusqu\u2019\u00e0 50&nbsp;% des coraux sont morts.<\/span><\/p>\n<p><span style=\"font-size: 12.0pt; font-family: 'Times New Roman',serif;\">C\u2019est surtout dans l\u2019oc\u00e9an Austral, au sud du 45<sup>e<\/sup> parall\u00e8le que la temp\u00e9rature de surface de la mer \u00e9tait inf\u00e9rieure \u00e0 la normale (en particulier \u00e0 proximit\u00e9 du passage de Drake entre l\u2019Am\u00e9rique du Sud et l\u2019Antarctique, o\u00f9 l\u2019anomalie a d\u00e9pass\u00e9 par endroits 1 \u00b0C).<\/span><\/p>\n<p><span style=\"font-size: 12.0pt; font-family: 'Times New Roman',serif;\">\u00c0 l\u2019\u00e9chelle du globe, le niveau de la mer s\u2019est \u00e9lev\u00e9 d\u2019environ 15&nbsp;millim\u00e8tres de novembre&nbsp;2014 \u00e0 f\u00e9vrier 2016 en raison de l\u2019\u00e9pisode El Ni\u00f1o, soit une valeur nettement sup\u00e9rieure au rythme annuel de 3 \u00e0 3,5&nbsp;mm constat\u00e9 apr\u00e8s 1993, et au d\u00e9but de l\u2019ann\u00e9e 2016, la hausse affichait des valeurs record. Depuis le mois de f\u00e9vrier, le niveau de la mer est demeur\u00e9 relativement stable.<\/span><\/p>\n<p><span style=\"font-size: 12.0pt; font-family: 'Times New Roman',serif;\">&nbsp;<\/span><\/p>\n<p><strong><span style=\"font-size: 12.0pt; font-family: 'Times New Roman',serif;\">Concentrations de gaz \u00e0 effet de serre <\/span><\/strong><\/p>\n<p><span style=\"font-size: 12.0pt; font-family: 'Times New Roman',serif;\">En 2015, la teneur de l\u2019atmosph\u00e8re en dioxyde de carbone a atteint, pour la premi\u00e8re fois, 400&nbsp;parties par million (ppm) en moyenne annuelle. Les premi\u00e8res observations indiquent que de nouveaux records ont \u00e9t\u00e9 \u00e9tablis en 2016. \u00c0 Cape Grim (Australie), la concentration moyenne de CO<sub>2<\/sub> au mois d\u2019ao\u00fbt \u00e9tait de 401,42 ppm, alors qu\u2019elle \u00e9tait de 398,13 ppm en ao\u00fbt 2015. \u00c0 Mauna Loa (Hawaii), la moyenne des concentrations hebdomadaires de CO<sub>2<\/sub> jusqu\u2019au 23&nbsp;octobre \u00e9tait de 402,07 ppm, contre 398,50 ppm \u00e0 la m\u00eame date l\u2019ann\u00e9e pr\u00e9c\u00e9dente, et la valeur de 407,7 ppm pour mai 2016 est la moyenne mensuelle la plus \u00e9lev\u00e9e jamais constat\u00e9e.<\/span><\/p>\n<p><span style=\"font-size: 12.0pt; font-family: 'Times New Roman',serif;\">&nbsp;<\/span><\/p>\n<p><strong><span style=\"font-size: 12.0pt; font-family: 'Times New Roman',serif;\">Glace et manteau neigeux<\/span><\/strong><\/p>\n<p><span style=\"font-size: 12.0pt; font-family: 'Times New Roman',serif;\">L\u2019\u00e9tendue de la banquise arctique a \u00e9t\u00e9 nettement inf\u00e9rieure \u00e0 la normale pendant toute l\u2019ann\u00e9e. Le minimum saisonnier, en septembre, \u00e9tait de 4,14&nbsp;millions de kilom\u00e8tres carr\u00e9s, ce qui le place au deuxi\u00e8me rang des minimums observ\u00e9s (\u00e0 \u00e9galit\u00e9 avec 2007) apr\u00e8s celui de 2012. Le maximum hivernal, en mars, \u00e9tait le plus faible jamais constat\u00e9, et \u00e0 l\u2019automne, l\u2019emb\u00e2cle a \u00e9t\u00e9 nettement plus lent que la normale ; l\u2019\u00e9tendue de la banquise \u00e0 la fin du mois d\u2019octobre \u00e9tait la plus faible jamais observ\u00e9e \u00e0 cette \u00e9poque de l\u2019ann\u00e9e.<\/span><\/p>\n<p><span style=\"font-size: 12.0pt; font-family: 'Times New Roman',serif;\">Apr\u00e8s plusieurs ann\u00e9es de valeurs nettement sup\u00e9rieures \u00e0 la normale, l\u2019\u00e9tendue de la banquise antarctique est redevenue proche de la normale au d\u00e9but de l\u2019ann\u00e9e 2016. Elle a atteint son maximum saisonnier pr\u00e8s d\u2019un mois plus t\u00f4t que d\u2019habitude et demeurait nettement en dessous de la normale \u00e0 la fin du mois d\u2019octobre.<\/span><\/p>\n<p><span style=\"font-size: 12.0pt; font-family: 'Times New Roman',serif;\">La fonte estivale de l\u2019inlandsis groenlandais a \u00e9t\u00e9 nettement sup\u00e9rieure \u00e0 la moyenne calcul\u00e9e pour la p\u00e9riode 1990-2013, le mois de juillet ayant connu une fonte particuli\u00e8rement marqu\u00e9e, mais n\u00e9anmoins inf\u00e9rieure \u00e0 celle de 2012, ann\u00e9e record.<\/span><\/p>\n<p><span style=\"font-size: 12.0pt; font-family: 'Times New Roman',serif;\">&nbsp;<\/span><\/p>\n<p><strong><span style=\"font-size: 12.0pt; font-family: 'Times New Roman',serif;\">Ph\u00e9nom\u00e8nes \u00e0 fort impact<\/span><\/strong><\/p>\n<p><span style=\"font-size: 12.0pt; font-family: 'Times New Roman',serif;\">De nombreux ph\u00e9nom\u00e8nes m\u00e9t\u00e9orologiques ont eu des incidences majeures en 2016. Le plus meurtrier \u00e9tait l\u2019ouragan Matthew qui a s\u00e9vi en octobre. Selon les chiffres du Gouvernement ha\u00eftien, au d\u00e9but du mois de novembre, l\u2019ouragan avait fait 546 victimes et 438 bless\u00e9s. Apr\u00e8s avoir balay\u00e9 Ha\u00efti, Matthew s\u2019est dirig\u00e9 vers le nord et a fait des ravages \u00e0 Cuba et aux Bahamas, avant de longer la c\u00f4te Est des \u00c9tats-Unis d\u2019Am\u00e9rique et d\u2019atterrir en Caroline du Sud, o\u00f9 il a entra\u00een\u00e9 de graves inondations.<\/span><\/p>\n<p><span style=\"font-size: 12.0pt; font-family: 'Times New Roman',serif;\">Le<strong> typhon<\/strong> <em>Lionrock<\/em> a caus\u00e9 des inondations catastrophiques et fait de nombreuses victimes en R\u00e9publique populaire d\u00e9mocratique de Cor\u00e9e, et le cyclone <em>Winston<\/em> a \u00e9t\u00e9 le cyclone tropical le plus intense jamais observ\u00e9&nbsp;aux Fidji. Au 31 octobre, 78&nbsp;temp\u00eates avaient \u00e9t\u00e9 observ\u00e9es en 2016, soit un nombre proche de la normale.<\/span><\/p>\n<p><span style=\"font-size: 12.0pt; font-family: 'Times New Roman',serif;\">En Chine, pendant l\u2019\u00e9t\u00e9 2016, les <strong>inondations<\/strong> dans le bassin du Yang-Ts\u00e9-Kiang, qui ont fait 310 victimes et caus\u00e9 des d\u00e9g\u00e2ts \u00e9valu\u00e9s \u00e0 14&nbsp;milliards de dollars, ont \u00e9t\u00e9 les plus graves depuis 1999. Les inondations et glissements de terrain qui se sont produits au Sri Lanka \u00e0 la mi-mai ont fait plus de 200&nbsp;morts ou disparus et plusieurs centaines de milliers de personnes d\u00e9plac\u00e9es. Au Sahel, les pr\u00e9cipitations saisonni\u00e8res sup\u00e9rieures \u00e0 la normale ont entra\u00een\u00e9 de graves inondations dans le bassin du Niger, ce dernier ayant atteint, au Mali, son niveau le plus \u00e9lev\u00e9 depuis environ 50 ans.<\/span><\/p>\n<p><span style=\"font-size: 12.0pt; font-family: 'Times New Roman',serif;\">Plusieurs grandes <strong>vagues de chaleur<\/strong> ont marqu\u00e9 2016. En Afrique australe, l\u2019ann\u00e9e a commenc\u00e9 par une intense canicule, exacerb\u00e9e par la s\u00e9cheresse qui s\u00e9vissait dans la r\u00e9gion. De nombreuses stations ont enregistr\u00e9 des records de chaleur absolus, notamment 42,7 \u00b0C \u00e0 Pretoria et 38,9 \u00b0C \u00e0 Johannesburg le 7 janvier. La Tha\u00eflande a \u00e9tabli un nouveau record national (44,6&nbsp;\u00b0C), le 28&nbsp;avril, tout comme l\u2019Inde, o\u00f9 le mercure a atteint 51,0 \u00b0C \u00e0 Phalodi le 19&nbsp;mai. Des temp\u00e9ratures record ou quasi record ont \u00e9t\u00e9 enregistr\u00e9es dans certaines r\u00e9gions du Moyen-Orient et d\u2019Afrique du Nord \u00e0 plusieurs reprises pendant l\u2019\u00e9t\u00e9. Le 21 juillet, \u00e0 Mitribah (Kowe\u00eft), il a fait 54,0 \u00b0C, soit la temp\u00e9rature la plus \u00e9lev\u00e9e jamais enregistr\u00e9e en Asie, sous r\u00e9serve de son homologation par l\u2019OMM. Le jour suivant, le thermom\u00e8tre a atteint 53,9 \u00b0C \u00e0 Basra (Iraq) et 53,0 \u00b0C \u00e0 Delhoran (Iran).<\/span><\/p>\n<p><span style=\"font-size: 12.0pt; font-family: 'Times New Roman',serif;\">L\u2019<strong>incendie<\/strong> le plus destructeur de l\u2019histoire du Canada a \u00e9clat\u00e9 en mai \u00e0 Fort McMurray, dans la province de l\u2019Alberta. Environ 590&nbsp;000 hectares ont br\u00fbl\u00e9 lors de cette catastrophe naturelle, la plus co\u00fbteuse qu\u2019ait connue le pays. La ville de Fort McMurray a d\u00fb \u00eatre enti\u00e8rement \u00e9vacu\u00e9e et 2&nbsp;400 b\u00e2timents ont \u00e9t\u00e9 d\u00e9truits. Les dommages ou pertes subis par des objets assur\u00e9s ont \u00e9t\u00e9 \u00e9valu\u00e9s \u00e0 4&nbsp;milliards de dollars canadiens (3 milliards de dollars \u00c9.-U.), alors que les autres types de pertes se sont chiffr\u00e9s \u00e0 plusieurs milliards de dollars.<\/span><\/p>\n<p><span style=\"font-size: 12.0pt; font-family: 'Times New Roman',serif;\">Plusieurs r\u00e9gions de la plan\u00e8te ont connu des <strong>s\u00e9cheresses<\/strong> de grande ampleur, pour la plupart associ\u00e9es \u00e0 l\u2019\u00e9pisode El Ni\u00f1o, dont l\u2019influence s\u2019est nettement fait sentir sur les r\u00e9gimes de pr\u00e9cipitations. En 2015-16, pour la deuxi\u00e8me fois cons\u00e9cutive, l\u2019Afrique australe a connu une saison des pluies d\u00e9ficitaire. Dans la majeure partie de la r\u00e9gion, les pr\u00e9cipitations sont g\u00e9n\u00e9ralement rares de mai \u00e0 octobre et, selon les estimations du Programme alimentaire mondial, 17 millions de personnes auront besoin d\u2019aide pendant la \u00abp\u00e9riode de soudure\u00bb qui pr\u00e9c\u00e9dera la prochaine r\u00e9colte du d\u00e9but de l\u2019ann\u00e9e 2017.<\/span><\/p>\n<p><span style=\"font-size: 12.0pt; font-family: 'Times New Roman',serif;\">&nbsp;<\/span><\/p>\n<p><strong><span style=\"font-size: 12.0pt; font-family: 'Times New Roman',serif;\">Cons\u00e9quences sur le plan humanitaire<\/span><\/strong><\/p>\n<p><span style=\"font-size: 12.0pt; font-family: 'Times New Roman',serif;\">Les variations annuelles et \u00e0 plus long terme du syst\u00e8me climatique peuvent aggraver la situation sociale, humanitaire et environnementale. Selon l\u2019Organisation internationale pour les migrations (OIM), les d\u00e9placements de populations devraient se multiplier \u00e0 cause de catastrophes d\u2019origine m\u00e9t\u00e9orologique devenues plus fr\u00e9quentes, voire plus lourdes de cons\u00e9quences, de ressources toujours plus rares et convoit\u00e9es, des conflits qui en r\u00e9sultent, ainsi que de la hausse du niveau de la mer qui rendra inhabitables certaines r\u00e9gions c\u00f4ti\u00e8res et de basse altitude.<\/span><\/p>\n<p><span style=\"font-size: 12.0pt; font-family: 'Times New Roman',serif;\">Selon le Haut-Commissaire des Nations Unies pour les r\u00e9fugi\u00e9s (HCR), en 2015, 19,2 millions de personnes ont \u00e9t\u00e9 d\u00e9plac\u00e9es dans 113 pays en raison de catastrophes li\u00e9s \u00e0 des al\u00e9as m\u00e9t\u00e9orologiques, hydrologiques, climatiques et g\u00e9ophysiques, soit plus de deux fois plus que les d\u00e9placements dus aux conflits et \u00e0 la violence. Sur ces 19,2 millions de personnes,<br \/> 14,7 millions ont \u00e9t\u00e9 d\u00e9plac\u00e9es en raison de catastrophes d\u2019origine m\u00e9t\u00e9orologique. Les chiffres ont \u00e9t\u00e9 particuli\u00e8rement \u00e9lev\u00e9s dans le sud et l\u2019est de l\u2019Asie, mais toutes les r\u00e9gions du globe ont \u00e9t\u00e9 touch\u00e9es. Les donn\u00e9es \u00e9quivalentes pour 2016 ne sont pas encore disponibles.<\/span><\/p>\n<p><span style=\"font-size: 12.0pt; font-family: 'Times New Roman',serif;\">Les ph\u00e9nom\u00e8nes m\u00e9t\u00e9orologiques et climatiques extr\u00eames, qui ont subi l\u2019influence du puissant Ni\u00f1o de 2015\/16, ont eu des r\u00e9percussions n\u00e9gatives consid\u00e9rables sur l\u2019agriculture et la s\u00e9curit\u00e9 alimentaire. Selon l\u2019Organisation des Nations Unies pour l\u2019alimentation et l\u2019agriculture (FAO), plus de 60&nbsp;millions de personnes en ont subi le contrecoup dans le monde entier.<\/span><\/p>\n<p><span style=\"font-size: 12.0pt; font-family: 'Times New Roman',serif;\">&nbsp;<\/span><\/p>\n<p align=\"center\"><em><span style=\"font-size: 12.0pt; font-family: 'Times New Roman',serif;\">L\u2019Organisation m\u00e9t\u00e9orologique mondiale (OMM) est l\u2019organisme des Nations Unies <\/span><\/em><span style=\"font-size: 12.0pt; font-family: 'Times New Roman',serif;\"><br \/> <em>qui fait autorit\u00e9 pour les questions relatives au temps, au climat et \u00e0 l\u2019eau.<\/em><\/span><\/p>\n<p align=\"center\"><span style=\"font-size: 12.0pt; font-family: 'Times New Roman',serif;\">&nbsp;<\/span><\/p>\n<p align=\"center\"><span style=\"font-size: 12.0pt; font-family: 'Times New Roman',serif;\"><a href=\"http:\/\/public.wmo.int\/fr\"><span style=\"color: blue;\">public.wmo.int<\/span><\/a><\/span><\/p>\n<p><span style=\"font-size: 12.0pt; font-family: 'Times New Roman',serif;\">Pour de plus amples renseignements, veuillez prendre contact avec l\u2019attach\u00e9e de presse de l\u2019OMM, Clare Nullis, (courriel: <a href=\"mailto:cnullis@wmo.int\"><span style=\"color: blue;\">cnullis@wmo.int<\/span><\/a>; t\u00e9l.: +41 (0)79 709 13 97).<\/span><\/p>\n<p>&nbsp;<\/p>\n<p style=\"text-align: left;\"><a href=\"http:\/\/lameteo.blogs.lalibre.be\/media\/02\/01\/3704143960.jpg\" target=\"_blank\"><img decoding=\"async\" id=\"media-185137\" style=\"margin: 0.7em 0;\" title=\"\" src=\"http:\/\/lameteo.blogs.lalibre.be\/media\/02\/01\/2751830651.jpg\" alt=\"french_15_2.jpg\" \/><\/a><\/p>\n<p style=\"text-align: left;\"><a href=\"http:\/\/lameteo.blogs.lalibre.be\/media\/00\/02\/491134872.jpg\" target=\"_blank\"><img decoding=\"async\" id=\"media-185138\" style=\"margin: 0.7em 0;\" title=\"\" src=\"http:\/\/lameteo.blogs.lalibre.be\/media\/00\/02\/2573579211.jpg\" alt=\"french_15_3.jpg\" \/><\/a><\/p>\n<p style=\"text-align: left;\">Source <a href=\"http:\/\/public.wmo.int\/fr\/medias\/communiqu%C3%A9s-de-presse\/d%C3%A9claration-provisoire-de-l%E2%80%99omm-sur-l%E2%80%99%C3%A9tat-du-climat-mondial-en-2016\" target=\"_blank\">OMM<\/a><\/p>\n","protected":false},"excerpt":{"rendered":"<p>Tout semble indiquer que 2016 sera l\u2019ann\u00e9e la plus chaude qui ait \u00e9t\u00e9 observ\u00e9e depuis le d\u00e9but des relev\u00e9s et que la temp\u00e9rature moyenne sera m\u00eame sup\u00e9rieure au record \u00e9tabli en 2015. Selon les donn\u00e9es provisoires dont dispose l\u2019Organisation m\u00e9t\u00e9orologique mondiale (OMM), la temp\u00e9rature moyenne en 2016 devrait \u00eatre sup\u00e9rieure d\u2019environ 1,2&nbsp;\u00b0Celsius \u00e0 ce qu\u2019elle [&hellip;]<\/p>\n","protected":false},"author":3,"featured_media":0,"comment_status":"closed","ping_status":"open","sticky":false,"template":"","format":"standard","meta":{"footnotes":""},"categories":[16],"tags":[],"class_list":["post-426","post","type-post","status-publish","format-standard","hentry","category-meteorologie"],"_links":{"self":[{"href":"http:\/\/vandiepenbeeck.org\/index.php?rest_route=\/wp\/v2\/posts\/426"}],"collection":[{"href":"http:\/\/vandiepenbeeck.org\/index.php?rest_route=\/wp\/v2\/posts"}],"about":[{"href":"http:\/\/vandiepenbeeck.org\/index.php?rest_route=\/wp\/v2\/types\/post"}],"author":[{"embeddable":true,"href":"http:\/\/vandiepenbeeck.org\/index.php?rest_route=\/wp\/v2\/users\/3"}],"replies":[{"embeddable":true,"href":"http:\/\/vandiepenbeeck.org\/index.php?rest_route=%2Fwp%2Fv2%2Fcomments&post=426"}],"version-history":[{"count":0,"href":"http:\/\/vandiepenbeeck.org\/index.php?rest_route=\/wp\/v2\/posts\/426\/revisions"}],"wp:attachment":[{"href":"http:\/\/vandiepenbeeck.org\/index.php?rest_route=%2Fwp%2Fv2%2Fmedia&parent=426"}],"wp:term":[{"taxonomy":"category","embeddable":true,"href":"http:\/\/vandiepenbeeck.org\/index.php?rest_route=%2Fwp%2Fv2%2Fcategories&post=426"},{"taxonomy":"post_tag","embeddable":true,"href":"http:\/\/vandiepenbeeck.org\/index.php?rest_route=%2Fwp%2Fv2%2Ftags&post=426"}],"curies":[{"name":"wp","href":"https:\/\/api.w.org\/{rel}","templated":true}]}}