{"id":467,"date":"2018-03-14T09:00:00","date_gmt":"2018-03-14T08:00:00","guid":{"rendered":"http:\/\/vandiepenbeeck.org\/?p=467"},"modified":"2018-03-14T09:00:00","modified_gmt":"2018-03-14T08:00:00","slug":"les-facteurs-qui-influencent-le-climat-partie-31","status":"publish","type":"post","link":"http:\/\/vandiepenbeeck.org\/?p=467","title":{"rendered":"Les facteurs qui influencent le climat &#8211; partie 31"},"content":{"rendered":"<p><span style=\"font-size: 11.0pt; font-family: 'Calibri',sans-serif;\"><span style=\"font-size: 18pt;\">El Nino (3)<\/span> <\/span><\/p>\n<p><!--more--><\/p>\n<p><span style=\"font-size: 12.0pt; font-family: 'Times New Roman',serif;\">La situation inverse d\u2019El Ni\u00f1o est La Ni\u00f1a. Cette situation est caract\u00e9ris\u00e9e par une temp\u00e9rature tr\u00e8s basse de l\u2019eau dans la partie \u00e9quatoriale de l\u2019oc\u00e9an Pacifique. Il s\u2019agit en fait d\u2019une situation oppos\u00e9e \u00e0 celle du El Ni\u00f1o. Les anomalies climatiques associ\u00e9es \u00e0 La Ni\u00f1a ont tendance \u00e0 \u00eatre les contraires de celles dues \u00e0 El Ni\u00f1o. La Ni\u00f1a est aussi appel\u00e9e El Viejo. Dans la figure 3 les valeurs tr\u00e8s inf\u00e9rieures \u00e0 0 correspondent \u00e0 une situation La Ni\u00f1a (voir figure 50).<\/span><\/p>\n<p style=\"text-align: left;\"><a href=\"http:\/\/lameteo.blogs.lalibre.be\/media\/01\/01\/3993932364.png\" target=\"_blank\" rel=\"noopener noreferrer\"><img decoding=\"async\" id=\"media-198232\" style=\"margin: 0.7em 0;\" title=\"\" src=\"http:\/\/lameteo.blogs.lalibre.be\/media\/01\/01\/1890661463.png\" alt=\"Circulation_La_Nina.png\" \/><\/a><\/p>\n<p><span style=\"font-size: 12.0pt; font-family: 'Times New Roman',serif;\">Aux hautes latitudes, El Ni\u00f1o est un des multiples facteurs qui influencent le climat. Cependant les impacts de El Ni\u00f1o et de La Ni\u00f1a sont plus nets en p\u00e9riodes hivernales \u00e0 ces latitudes. Aux \u00c9tats-Unis, durant les ann\u00e9es El Ni\u00f1o, la temp\u00e9rature en hiver est plus chaude que la normale dans les \u00e9tats du centre-nord et inf\u00e9rieure \u00e0 la normale dans le sud-est et le sud-ouest. Durant les ann\u00e9es de La Ni\u00f1a ou du El Viejo, les temp\u00e9ratures sont plus \u00e9lev\u00e9es que la normale dans le sud-est et plus froides dans le nord-ouest.<\/span><\/p>\n<p><span style=\"font-size: 12.0pt; font-family: 'Times New Roman',serif;\">Sur la carte \u00e9labor\u00e9e par l\u2019Universit\u00e9 de l\u2019\u00e9tat de la Floride (figure 50), nous pouvons constater les anomalies de temp\u00e9ratures et de pr\u00e9cipitations durant l&rsquo;hiver de l&rsquo;h\u00e9misph\u00e8re nord. Une anomalie El Ni\u00f1o est la valeur normale soustraite de la valeur observ\u00e9e pendant une ann\u00e9e El Ni\u00f1o. Les zones not\u00e9es C dans la figure 5 sont des r\u00e9gions o\u00f9 pendant un El Ni\u00f1o il fait plus chaud. Dans les zones not\u00e9es P, les pr\u00e9cipitations sont tr\u00e8s abondantes et dans celles not\u00e9e S, la s\u00e9cheresse s\u00e9vit.<\/span><\/p>\n<p style=\"text-align: left;\"><a href=\"http:\/\/lameteo.blogs.lalibre.be\/media\/02\/01\/2046643678.jpg\" target=\"_blank\" rel=\"noopener noreferrer\"><img decoding=\"async\" id=\"media-198244\" style=\"margin: 0.7em 0;\" title=\"\" src=\"http:\/\/lameteo.blogs.lalibre.be\/media\/02\/01\/2448278111.jpg\" alt=\"figure5.jpg\" \/><\/a><\/p>\n<p>Figure 50 : R\u00e9partition des r\u00e9gions o\u00f9 s\u00e9vissent des s\u00e9cheresses, des pluies abondantes ou des temp\u00e9ratures plus \u00e9lev\u00e9es que la normale.<\/p>\n<p style=\"text-align: left;\">&nbsp;<\/p>\n<p>&nbsp;<\/p>\n","protected":false},"excerpt":{"rendered":"<p>El Nino (3)<\/p>\n","protected":false},"author":3,"featured_media":0,"comment_status":"closed","ping_status":"open","sticky":false,"template":"","format":"standard","meta":{"footnotes":""},"categories":[3],"tags":[],"class_list":["post-467","post","type-post","status-publish","format-standard","hentry","category-meteo"],"_links":{"self":[{"href":"http:\/\/vandiepenbeeck.org\/index.php?rest_route=\/wp\/v2\/posts\/467"}],"collection":[{"href":"http:\/\/vandiepenbeeck.org\/index.php?rest_route=\/wp\/v2\/posts"}],"about":[{"href":"http:\/\/vandiepenbeeck.org\/index.php?rest_route=\/wp\/v2\/types\/post"}],"author":[{"embeddable":true,"href":"http:\/\/vandiepenbeeck.org\/index.php?rest_route=\/wp\/v2\/users\/3"}],"replies":[{"embeddable":true,"href":"http:\/\/vandiepenbeeck.org\/index.php?rest_route=%2Fwp%2Fv2%2Fcomments&post=467"}],"version-history":[{"count":0,"href":"http:\/\/vandiepenbeeck.org\/index.php?rest_route=\/wp\/v2\/posts\/467\/revisions"}],"wp:attachment":[{"href":"http:\/\/vandiepenbeeck.org\/index.php?rest_route=%2Fwp%2Fv2%2Fmedia&parent=467"}],"wp:term":[{"taxonomy":"category","embeddable":true,"href":"http:\/\/vandiepenbeeck.org\/index.php?rest_route=%2Fwp%2Fv2%2Fcategories&post=467"},{"taxonomy":"post_tag","embeddable":true,"href":"http:\/\/vandiepenbeeck.org\/index.php?rest_route=%2Fwp%2Fv2%2Ftags&post=467"}],"curies":[{"name":"wp","href":"https:\/\/api.w.org\/{rel}","templated":true}]}}