{"id":470,"date":"2018-03-28T09:00:00","date_gmt":"2018-03-28T07:00:00","guid":{"rendered":"http:\/\/vandiepenbeeck.org\/?p=470"},"modified":"2018-03-28T09:00:00","modified_gmt":"2018-03-28T07:00:00","slug":"les-facteurs-qui-influencent-le-climat-partie-33","status":"publish","type":"post","link":"http:\/\/vandiepenbeeck.org\/?p=470","title":{"rendered":"Les facteurs qui influencent le climat &#8211; partie 33"},"content":{"rendered":"<p><span style=\"font-size: 11.0pt; font-family: 'Calibri',sans-serif;\"><span style=\"font-size: 14pt;\">El Nino (5)<\/span> <\/span><\/p>\n<p><!--more--><\/p>\n<p>Parmi d&rsquo;autres effets du ph\u00e9nom\u00e8ne EL Ni\u00f1o pendant cette p\u00e9riode on peut mentionner :<\/p>\n<p>1) une tr\u00e8s forte diminution des temp\u00eates tropicales et des ouragans dans la partie subtropicale de l&rsquo;Atlantique Nord (voir figures 52 et 53). Sur ces figures, on remarque <span style=\"font-size: 11.0pt; font-family: 'Calibri',sans-serif;\">clairement <\/span>qu\u2019une ann\u00e9e El Nino a une activit\u00e9 cyclonique nettement plus faible qu\u2019une ann\u00e9e La Nina ;<\/p>\n<p>2) une extension g\u00e9ographique des conditions propices aux cyclones tropicaux au-dessus de la partie orientale du Pacifique Nord et un prolongement de cette activit\u00e9 bien au-del\u00e0 du d\u00e9but novembre ;<\/p>\n<p>3) une circulation de la mousson globalement plus faible que la normale dans les couches sup\u00e9rieures de l&rsquo;atmosph\u00e8re au-dessus du sous-continent indien, malgr\u00e9 des pr\u00e9cipitations g\u00e9n\u00e9ralement proches de la normale dans toute l&rsquo;Inde cet \u00e9t\u00e9.<\/p>\n<table>\n<tbody>\n<tr>\n<td width=\"313\">\n<p style=\"text-align: center;\"><a href=\"http:\/\/lameteo.blogs.lalibre.be\/media\/01\/01\/2228444143.gif\" target=\"_blank\" rel=\"noopener noreferrer\"><img decoding=\"async\" id=\"media-199149\" style=\"margin: 0.7em 0;\" title=\"\" src=\"http:\/\/lameteo.blogs.lalibre.be\/media\/01\/01\/470001038.gif\" alt=\"track2015.gif\" \/><\/a><\/p>\n<p align=\"center\">Figure 52 : ann\u00e9e 2015 &#8211; \u00e9pisode El Nino<\/p>\n<\/td>\n<td width=\"313\">\n<p style=\"text-align: center;\"><a href=\"http:\/\/lameteo.blogs.lalibre.be\/media\/02\/01\/2417676604.gif\" target=\"_blank\" rel=\"noopener noreferrer\"><img decoding=\"async\" id=\"media-199150\" style=\"margin: 0.7em 0;\" title=\"\" src=\"http:\/\/lameteo.blogs.lalibre.be\/media\/02\/01\/3511485603.gif\" alt=\"track1975.gif\" \/><\/a><\/p>\n<p align=\"center\">Figure 53 : ann\u00e9e 1975 &#8211; ann\u00e9e La Nina<\/p>\n<\/td>\n<\/tr>\n<\/tbody>\n<\/table>\n<p>&nbsp;<\/p>\n","protected":false},"excerpt":{"rendered":"<p>El Nino (5)<\/p>\n","protected":false},"author":3,"featured_media":0,"comment_status":"closed","ping_status":"open","sticky":false,"template":"","format":"standard","meta":{"footnotes":""},"categories":[3],"tags":[],"class_list":["post-470","post","type-post","status-publish","format-standard","hentry","category-meteo"],"_links":{"self":[{"href":"http:\/\/vandiepenbeeck.org\/index.php?rest_route=\/wp\/v2\/posts\/470"}],"collection":[{"href":"http:\/\/vandiepenbeeck.org\/index.php?rest_route=\/wp\/v2\/posts"}],"about":[{"href":"http:\/\/vandiepenbeeck.org\/index.php?rest_route=\/wp\/v2\/types\/post"}],"author":[{"embeddable":true,"href":"http:\/\/vandiepenbeeck.org\/index.php?rest_route=\/wp\/v2\/users\/3"}],"replies":[{"embeddable":true,"href":"http:\/\/vandiepenbeeck.org\/index.php?rest_route=%2Fwp%2Fv2%2Fcomments&post=470"}],"version-history":[{"count":0,"href":"http:\/\/vandiepenbeeck.org\/index.php?rest_route=\/wp\/v2\/posts\/470\/revisions"}],"wp:attachment":[{"href":"http:\/\/vandiepenbeeck.org\/index.php?rest_route=%2Fwp%2Fv2%2Fmedia&parent=470"}],"wp:term":[{"taxonomy":"category","embeddable":true,"href":"http:\/\/vandiepenbeeck.org\/index.php?rest_route=%2Fwp%2Fv2%2Fcategories&post=470"},{"taxonomy":"post_tag","embeddable":true,"href":"http:\/\/vandiepenbeeck.org\/index.php?rest_route=%2Fwp%2Fv2%2Ftags&post=470"}],"curies":[{"name":"wp","href":"https:\/\/api.w.org\/{rel}","templated":true}]}}