{"id":487,"date":"2018-08-23T14:01:17","date_gmt":"2018-08-23T12:01:17","guid":{"rendered":"http:\/\/vandiepenbeeck.org\/?p=487"},"modified":"2018-09-27T16:09:06","modified_gmt":"2018-09-27T14:09:06","slug":"faits-saillants-du-lancement-daeolus","status":"publish","type":"post","link":"http:\/\/vandiepenbeeck.org\/?p=487","title":{"rendered":"Faits saillants du lancement d&rsquo;Aeolus"},"content":{"rendered":"\r\n<figure class=\"wp-block-embed is-type-rich is-provider-prise-en-charge-des-contenus-embarques\"><video controls=\"controls\" width=\"300\" height=\"150\">\r\n<source src=\"https:\/\/dlmultimedia.esa.int\/download\/public\/videos\/2018\/08\/062\/1808_062_AR_EN.mp4\" type=\"video\/mp4\" \/><\/video><\/figure>\r\n\r\n\r\n\r\n\r\nMis en orbite \u00e0 bord d&rsquo;une fus\u00e9e Vega depuis le Spaceport europ\u00e9en en Guyane fran\u00e7aise le 22 ao\u00fbt 2018, le satellite Aeolus de l&rsquo;ESA mesurera les vents autour du globe et jouera un r\u00f4le cl\u00e9 dans notre qu\u00eate pour mieux comprendre le fonctionnement de notre atmosph\u00e8re. Il est important de noter que cette nouvelle mission am\u00e9liorera \u00e9galement les pr\u00e9visions m\u00e9t\u00e9orologiques. L&rsquo;Aeolus transporte l&rsquo;un des instruments les plus sophistiqu\u00e9s jamais mis en orbite. Premier du genre, Aladin inclut une technologie laser r\u00e9volutionnaire pour g\u00e9n\u00e9rer des impulsions de lumi\u00e8re ultraviolette qui sont diffus\u00e9es dans l&rsquo;atmosph\u00e8re afin de profiler les vents du monde &#8211; une approche compl\u00e8tement nouvelle pour mesurer le vent depuis l&rsquo;espace.\r\nAvant le d\u00e9collage, le satellite avait \u00e9t\u00e9 au port spatial pendant environ six semaines pour \u00eatre test\u00e9, ravitaill\u00e9 en carburant, enferm\u00e9 dans le car\u00e9nage de la fus\u00e9e Vega, d\u00e9roul\u00e9 sur la plate-forme de lancement et hiss\u00e9 dans la tour de lancement. Vega a d\u00e9coll\u00e9 \u00e0 21h20 GMT (23h20 CEST, 18h20 heure locale) le 22 ao\u00fbt. Quelque 55 minutes plus tard, l&rsquo;\u00e9tage sup\u00e9rieur a mis Aeolus en orbite et le contact a \u00e9t\u00e9 \u00e9tabli par la station terrestre Troll en Antarctique \u00e0 00:30 CEST le 23 ao\u00fbt. Le satellite est contr\u00f4l\u00e9 depuis le Centre europ\u00e9en d&rsquo;op\u00e9rations spatiales de l&rsquo;ESA \u00e0 Darmstadt, en Allemagne. Les contr\u00f4leurs passeront les prochains mois \u00e0 v\u00e9rifier et calibrer soigneusement la mission dans le cadre de sa phase de mise en service.\r\n\r\n\r\n\r\n\r\n\r\nSource <a href=\"http:\/\/www.esa.int\/spaceinvideos\/Videos\/2018\/08\/Highlights_of_Aeolus_launch\">ESA<\/a>\r\n\r\n","protected":false},"excerpt":{"rendered":"<p>Mis en orbite \u00e0 bord d&rsquo;une fus\u00e9e Vega depuis le Spaceport europ\u00e9en en Guyane fran\u00e7aise le 22 ao\u00fbt 2018, le satellite Aeolus de l&rsquo;ESA mesurera les vents autour du globe et jouera un r\u00f4le cl\u00e9 dans notre qu\u00eate pour mieux comprendre le fonctionnement de notre atmosph\u00e8re. Il est important de noter que cette nouvelle mission [&hellip;]<\/p>\n","protected":false},"author":1,"featured_media":0,"comment_status":"open","ping_status":"open","sticky":false,"template":"","format":"standard","meta":{"footnotes":""},"categories":[21],"tags":[11,22],"class_list":["post-487","post","type-post","status-publish","format-standard","hentry","category-astronautique","tag-meteo","tag-sattelitte"],"_links":{"self":[{"href":"http:\/\/vandiepenbeeck.org\/index.php?rest_route=\/wp\/v2\/posts\/487"}],"collection":[{"href":"http:\/\/vandiepenbeeck.org\/index.php?rest_route=\/wp\/v2\/posts"}],"about":[{"href":"http:\/\/vandiepenbeeck.org\/index.php?rest_route=\/wp\/v2\/types\/post"}],"author":[{"embeddable":true,"href":"http:\/\/vandiepenbeeck.org\/index.php?rest_route=\/wp\/v2\/users\/1"}],"replies":[{"embeddable":true,"href":"http:\/\/vandiepenbeeck.org\/index.php?rest_route=%2Fwp%2Fv2%2Fcomments&post=487"}],"version-history":[{"count":5,"href":"http:\/\/vandiepenbeeck.org\/index.php?rest_route=\/wp\/v2\/posts\/487\/revisions"}],"predecessor-version":[{"id":491,"href":"http:\/\/vandiepenbeeck.org\/index.php?rest_route=\/wp\/v2\/posts\/487\/revisions\/491"}],"wp:attachment":[{"href":"http:\/\/vandiepenbeeck.org\/index.php?rest_route=%2Fwp%2Fv2%2Fmedia&parent=487"}],"wp:term":[{"taxonomy":"category","embeddable":true,"href":"http:\/\/vandiepenbeeck.org\/index.php?rest_route=%2Fwp%2Fv2%2Fcategories&post=487"},{"taxonomy":"post_tag","embeddable":true,"href":"http:\/\/vandiepenbeeck.org\/index.php?rest_route=%2Fwp%2Fv2%2Ftags&post=487"}],"curies":[{"name":"wp","href":"https:\/\/api.w.org\/{rel}","templated":true}]}}