{"id":611,"date":"2021-06-20T11:22:20","date_gmt":"2021-06-20T09:22:20","guid":{"rendered":"https:\/\/vandiepenbeeck.org\/?p=611"},"modified":"2021-06-20T11:33:07","modified_gmt":"2021-06-20T09:33:07","slug":"le-tonnerre","status":"publish","type":"post","link":"http:\/\/vandiepenbeeck.org\/?p=611","title":{"rendered":"Le tonnerre"},"content":{"rendered":"\n<p><br \/>Ce mois de juin, Chastre est particuli\u00e8rement victime des orages. Un orage est caract\u00e9ris\u00e9 par la foudre. Celle-ci se manifeste par un effet lumineux l\u2019\u00e9clair et un effet sonore le tonnerre. Ce 18 juin, l\u2019activit\u00e9 \u00e9lectrique a \u00e9t\u00e9 particuli\u00e8rement intense. La foudre se succ\u00e9dait \u00e0 un rythme effr\u00e9n\u00e9 \u00e0 tel point que le tonnerre a \u00e9t\u00e9 continu pendant plus de 20 minutes.<br \/>Le tonnerre est un son produit par l&rsquo;expansion brutale de la fine colonne d&rsquo;air qui a \u00e9t\u00e9 chauff\u00e9e tr\u00e8s rapidement par la foudre. Il est le plus souvent un grondement plus ou moins long et plus ou moins intense. Mais parfois on a aussi un claquement sec. Quel est la diff\u00e9rence entre les deux. La plupart des \u00e9clairs sont dans un nuage ou entre nuages. Mais on a aussi des \u00e9clairs entre le nuage et le sol. Si par hasard, une partie de l\u2019\u00e9clair est orient\u00e9 vers vous, \u00e0 ce moment l\u00e0 on a un claquement. Dans les autres cas, l\u2019\u00e9clair, qui a une certaine longueur, \u00e9met un grondement dont la dur\u00e9e et l\u2019intensit\u00e9 d\u00e9pend du faisceau de la foudre. La superposition des ondes de choc provenant des diff\u00e9rentes portions de la trajectoire de l&rsquo;\u00e9clair se m\u00eale ensuite \u00e0 d&rsquo;\u00e9ventuels ph\u00e9nom\u00e8nes de r\u00e9flexion et de r\u00e9fraction acoustiques pour composer le bruit sp\u00e9cifique du tonnerre.<\/p>\n<p><br \/>La vitesse de la lumi\u00e8re est de 300000 km\/s, celle du son est de 340 m\/s. L\u2019\u00e9clair est donc vu instantan\u00e9ment tandis que le son met un certain temps avant que l\u2019on entende le son de la foudre. Pour connaitre sa distance, il suffit de mesurer le temps entre l\u2019\u00e9clair et le d\u00e9but du tonnerre. Si la diff\u00e9rence de temps est de 3 secondes, le point le plus proche de la foudre est \u00e0 un kilom\u00e8tre. Il suffit de faire le produit entre le temps et 340 (m\/s) pour obtenir la distance en m\u00e8tre. Si vous calculez le temps du grondement, par le m\u00eame calcul, vous aurez la longueur approximative de l\u2019\u00e9clair. En Belgique, on a d\u00e9j\u00e0 vu des \u00e9clairs allant jusqu\u2019\u00e0 30 kilom\u00e8tres. Dans le monde, on peut avoir des \u00e9clairs nettement plus longs. Le 20 juin 2007, dans l\u2019Oklahoma, on a enregistr\u00e9 un \u00e9clair de 321 km, la distance entre Bruxelles et Paris !<\/p>\n<p>\u00a0<\/p>\n\n\n\n<figure class=\"wp-block-image size-large\"><img loading=\"lazy\" decoding=\"async\" width=\"728\" height=\"480\" src=\"https:\/\/vandiepenbeeck.org\/wp-content\/uploads\/2021\/06\/35994196_2255567301333025_6461621259942756352_n.jpg\" alt=\"\" class=\"wp-image-614\" srcset=\"http:\/\/vandiepenbeeck.org\/wp-content\/uploads\/2021\/06\/35994196_2255567301333025_6461621259942756352_n.jpg 728w, http:\/\/vandiepenbeeck.org\/wp-content\/uploads\/2021\/06\/35994196_2255567301333025_6461621259942756352_n-300x198.jpg 300w\" sizes=\"(max-width: 728px) 100vw, 728px\" \/><\/figure>\n","protected":false},"excerpt":{"rendered":"<p>Ce mois de juin, Chastre est particuli\u00e8rement victime des orages. Un orage est caract\u00e9ris\u00e9 par la foudre. Celle-ci se manifeste par un effet lumineux l\u2019\u00e9clair et un effet sonore le tonnerre. Ce 18 juin, l\u2019activit\u00e9 \u00e9lectrique a \u00e9t\u00e9 particuli\u00e8rement intense. La foudre se succ\u00e9dait \u00e0 un rythme effr\u00e9n\u00e9 \u00e0 tel point que le tonnerre a [&hellip;]<\/p>\n","protected":false},"author":2,"featured_media":0,"comment_status":"open","ping_status":"open","sticky":false,"template":"","format":"standard","meta":{"footnotes":""},"categories":[19,3],"tags":[],"class_list":["post-611","post","type-post","status-publish","format-standard","hentry","category-article-traitant-du-climat","category-meteo"],"_links":{"self":[{"href":"http:\/\/vandiepenbeeck.org\/index.php?rest_route=\/wp\/v2\/posts\/611"}],"collection":[{"href":"http:\/\/vandiepenbeeck.org\/index.php?rest_route=\/wp\/v2\/posts"}],"about":[{"href":"http:\/\/vandiepenbeeck.org\/index.php?rest_route=\/wp\/v2\/types\/post"}],"author":[{"embeddable":true,"href":"http:\/\/vandiepenbeeck.org\/index.php?rest_route=\/wp\/v2\/users\/2"}],"replies":[{"embeddable":true,"href":"http:\/\/vandiepenbeeck.org\/index.php?rest_route=%2Fwp%2Fv2%2Fcomments&post=611"}],"version-history":[{"count":2,"href":"http:\/\/vandiepenbeeck.org\/index.php?rest_route=\/wp\/v2\/posts\/611\/revisions"}],"predecessor-version":[{"id":615,"href":"http:\/\/vandiepenbeeck.org\/index.php?rest_route=\/wp\/v2\/posts\/611\/revisions\/615"}],"wp:attachment":[{"href":"http:\/\/vandiepenbeeck.org\/index.php?rest_route=%2Fwp%2Fv2%2Fmedia&parent=611"}],"wp:term":[{"taxonomy":"category","embeddable":true,"href":"http:\/\/vandiepenbeeck.org\/index.php?rest_route=%2Fwp%2Fv2%2Fcategories&post=611"},{"taxonomy":"post_tag","embeddable":true,"href":"http:\/\/vandiepenbeeck.org\/index.php?rest_route=%2Fwp%2Fv2%2Ftags&post=611"}],"curies":[{"name":"wp","href":"https:\/\/api.w.org\/{rel}","templated":true}]}}